{"id":1512,"date":"2024-04-01T00:00:00","date_gmt":"2024-04-01T07:00:00","guid":{"rendered":"https:\/\/elreporterodelacomunidad.com\/index.php\/2024\/04\/01\/policia-estatal-saca-de-las-calles-mas-de-130-mil-dosis-de-narcotico-durante-marzo\/"},"modified":"2024-04-01T00:00:00","modified_gmt":"2024-04-01T07:00:00","slug":"policia-estatal-saca-de-las-calles-mas-de-130-mil-dosis-de-narcotico-durante-marzo","status":"publish","type":"post","link":"https:\/\/elreporterodelacomunidad.com\/index.php\/2024\/04\/01\/policia-estatal-saca-de-las-calles-mas-de-130-mil-dosis-de-narcotico-durante-marzo\/","title":{"rendered":"Polic\u00eda Estatal saca de las calles m\u00e1s de 130 mil dosis de narc\u00f3tico durante marzo&nbsp;"},"content":{"rendered":"<p class=\"MsoNormal\">Durante los operativos de seguridad que ha realizado la Polic\u00eda Estatal de Seguridad P\u00fablica (PESP), en coordinaci\u00f3n con los tres niveles de gobierno, se ha efectuado la detenci\u00f3n de 280 personas por flagrancia delictiva e incautaci\u00f3n de diversas sustancias prohibidas.<\/p>\n<p class=\"MsoNormal\">\n<p class=\"MsoNormal\">Durante el mes de marzo, se mantuvieron las acciones de combate y prevenci\u00f3n del delito, generando la incautaci\u00f3n de 18 armas de fuego y mil 119 cartuchos de diversos calibres que pon\u00edan en riesgo la seguridad de la poblaci\u00f3n en las calles de Sonora.<\/p>\n<p class=\"MsoNormal\">Adem\u00e1s, atendiendo la denuncia ciudadana, la PESP recuper\u00f3 un total de 39 veh\u00edculos con reporte de robo.<\/p>\n<p class=\"MsoNormal\">En el periodo de Semana Santa, la corporaci\u00f3n mantuvo vigilancia coordinada con los municipios de Sonora, se intensificaron los patrullajes y puntos de inspecci\u00f3n en zonas con mayor afluencia ciudadana y de turismo, donde las unidades de proximidad ciudadana informaron a la poblaci\u00f3n sobre el uso de la l\u00ednea de emergencias 911 y de denuncia an\u00f3nima 089.<\/p>\n<p class=\"MsoNormal\">La Polic\u00eda Estatal exhorta a disfrutar de esta semana de pascua en el estado y mantener medidas de seguridad para prevenir cualquier incidente que ponga en riesgo la seguridad de la ciudadan\u00eda.<\/p>\n","protected":false},"excerpt":{"rendered":"<p>Durante los operativos de seguridad que ha realizado la Polic\u00eda Estatal de Seguridad P\u00fablica (PESP), en coordinaci\u00f3n con los tres niveles de gobierno, se ha efectuado la detenci\u00f3n de 280 personas por flagrancia delictiva e incautaci\u00f3n de diversas sustancias prohibidas. Durante el mes de marzo, se mantuvieron las acciones de combate y prevenci\u00f3n del delito, [&hellip;]<\/p>\n","protected":false},"author":1,"featured_media":1513,"comment_status":"open","ping_status":"open","sticky":false,"template":"","format":"standard","meta":{"footnotes":""},"categories":[32],"tags":[],"class_list":["post-1512","post","type-post","status-publish","format-standard","has-post-thumbnail","hentry","category-policiaca"],"_links":{"self":[{"href":"https:\/\/elreporterodelacomunidad.com\/index.php\/wp-json\/wp\/v2\/posts\/1512","targetHints":{"allow":["GET"]}}],"collection":[{"href":"https:\/\/elreporterodelacomunidad.com\/index.php\/wp-json\/wp\/v2\/posts"}],"about":[{"href":"https:\/\/elreporterodelacomunidad.com\/index.php\/wp-json\/wp\/v2\/types\/post"}],"author":[{"embeddable":true,"href":"https:\/\/elreporterodelacomunidad.com\/index.php\/wp-json\/wp\/v2\/users\/1"}],"replies":[{"embeddable":true,"href":"https:\/\/elreporterodelacomunidad.com\/index.php\/wp-json\/wp\/v2\/comments?post=1512"}],"version-history":[{"count":0,"href":"https:\/\/elreporterodelacomunidad.com\/index.php\/wp-json\/wp\/v2\/posts\/1512\/revisions"}],"wp:featuredmedia":[{"embeddable":true,"href":"https:\/\/elreporterodelacomunidad.com\/index.php\/wp-json\/wp\/v2\/media\/1513"}],"wp:attachment":[{"href":"https:\/\/elreporterodelacomunidad.com\/index.php\/wp-json\/wp\/v2\/media?parent=1512"}],"wp:term":[{"taxonomy":"category","embeddable":true,"href":"https:\/\/elreporterodelacomunidad.com\/index.php\/wp-json\/wp\/v2\/categories?post=1512"},{"taxonomy":"post_tag","embeddable":true,"href":"https:\/\/elreporterodelacomunidad.com\/index.php\/wp-json\/wp\/v2\/tags?post=1512"}],"curies":[{"name":"wp","href":"https:\/\/api.w.org\/{rel}","templated":true}]}}