{"id":1506,"date":"2024-04-02T00:00:00","date_gmt":"2024-04-02T07:00:00","guid":{"rendered":"https:\/\/elreporterodelacomunidad.com\/index.php\/2024\/04\/02\/militares-de-eu-se-acercan-para-entrar-a-mexico-comision-del-senado-avala-peticion-de-amlo\/"},"modified":"2024-04-02T00:00:00","modified_gmt":"2024-04-02T07:00:00","slug":"militares-de-eu-se-acercan-para-entrar-a-mexico-comision-del-senado-avala-peticion-de-amlo","status":"publish","type":"post","link":"https:\/\/elreporterodelacomunidad.com\/index.php\/2024\/04\/02\/militares-de-eu-se-acercan-para-entrar-a-mexico-comision-del-senado-avala-peticion-de-amlo\/","title":{"rendered":"Militares de EU \u2018se acercan\u2019 para entrar a M\u00e9xico: Comisi\u00f3n del Senado avala petici\u00f3n de AMLO"},"content":{"rendered":"<p class=\"MsoNormal\">En el seno de la Comisi\u00f3n de Defensa Nacional avanz\u00f3 al Pleno del Senado de la Rep\u00fablica un dictamen por el que se concede autorizaci\u00f3n al titular del Ejecutivo Federal para permitir el ingreso a territorio nacional de una tropa de 11 militares estadounidenses con armamento y municiones, a fin de participar en el Entrenamiento de Ejercicios Combinados Conjunto.<\/p>\n<p class=\"MsoNormal\">\n<p class=\"MsoNormal\">En reuni\u00f3n a distancia de esta instancia legislativa que preside el morenista F\u00e9lix Salgado Macedonio, se aprob\u00f3 el documento para permitir el ingreso de la delegaci\u00f3n de militares de Estados Unidos para acudir a las instalaciones del Centro Nacional de Adiestramiento de Santa Gertrudis, Chihuahua, en el periodo comprendido del 8 de abril al 17 de mayo de este a\u00f1o.<\/p>\n<p class=\"MsoNormal\">La tropa estadounidense ingresar\u00e1 abordo de una aeronave tipo C-130 H\u00e9rcules de la Fuerza A\u00e9rea de la Uni\u00f3n Americana, que aterrizar\u00e1 en la Base A\u00e9rea No. 11, ubicada en las citadas instalaciones.<\/p>\n<p class=\"MsoNormal\">\u00bfQu\u00e9 har\u00e1n los militares estadounidenses en M\u00e9xico? Esto dice Salgado Macedonio<\/p>\n<p class=\"MsoNormal\">En sesi\u00f3n de este lunes 1 de abril, el senador Salgado Macedonio arguy\u00f3 que este ejercicio permitir\u00e1 que elementos de las Fuerzas Armadas de M\u00e9xico contin\u00faen con su formaci\u00f3n y capacitaci\u00f3n, de cara a los retos que presenta el pa\u00eds contempor\u00e1neo; adem\u00e1s de fortalecer la relaci\u00f3n bilateral.<\/p>\n<p class=\"MsoNormal\">Como parte de la Mesa Redonda de Cooperaci\u00f3n Bilateral Militar, la Secretar\u00eda de la Defensa Nacional, en coordinaci\u00f3n con el Comando Norte de los Estados Unidos de Am\u00e9rica, establecieron que, como parte del Plan Anual de Actividades 2024, se realizar\u00e1 el Entrenamiento de Ejercicios Combinados Conjuntos, seg\u00fan destaca el proyecto.<\/p>\n<p class=\"MsoNormal\">\u201cLa delegaci\u00f3n del Ej\u00e9rcito de Estados Unidos, conformada por 11 elementos instructores del s\u00e9ptimo Grupo de Fuerzas Especiales de los Estados Unidos de Am\u00e9rica, ingresar\u00e1 portando armamento, municiones, material y equipo especializado propio para el desempe\u00f1o de la actividad\u201d, indica el proyecto.<\/p>\n","protected":false},"excerpt":{"rendered":"<p>Los militares estadounidenses entrar\u00edan armados y a bordo de una aeronave. Tambi\u00e9n se especific\u00f3 que estar\u00e1n poco m\u00e1s de un mes en el pa\u00eds.<\/p>\n","protected":false},"author":1,"featured_media":1507,"comment_status":"open","ping_status":"open","sticky":false,"template":"","format":"standard","meta":{"footnotes":""},"categories":[29],"tags":[],"class_list":["post-1506","post","type-post","status-publish","format-standard","has-post-thumbnail","hentry","category-principalsecundaria"],"_links":{"self":[{"href":"https:\/\/elreporterodelacomunidad.com\/index.php\/wp-json\/wp\/v2\/posts\/1506","targetHints":{"allow":["GET"]}}],"collection":[{"href":"https:\/\/elreporterodelacomunidad.com\/index.php\/wp-json\/wp\/v2\/posts"}],"about":[{"href":"https:\/\/elreporterodelacomunidad.com\/index.php\/wp-json\/wp\/v2\/types\/post"}],"author":[{"embeddable":true,"href":"https:\/\/elreporterodelacomunidad.com\/index.php\/wp-json\/wp\/v2\/users\/1"}],"replies":[{"embeddable":true,"href":"https:\/\/elreporterodelacomunidad.com\/index.php\/wp-json\/wp\/v2\/comments?post=1506"}],"version-history":[{"count":0,"href":"https:\/\/elreporterodelacomunidad.com\/index.php\/wp-json\/wp\/v2\/posts\/1506\/revisions"}],"wp:featuredmedia":[{"embeddable":true,"href":"https:\/\/elreporterodelacomunidad.com\/index.php\/wp-json\/wp\/v2\/media\/1507"}],"wp:attachment":[{"href":"https:\/\/elreporterodelacomunidad.com\/index.php\/wp-json\/wp\/v2\/media?parent=1506"}],"wp:term":[{"taxonomy":"category","embeddable":true,"href":"https:\/\/elreporterodelacomunidad.com\/index.php\/wp-json\/wp\/v2\/categories?post=1506"},{"taxonomy":"post_tag","embeddable":true,"href":"https:\/\/elreporterodelacomunidad.com\/index.php\/wp-json\/wp\/v2\/tags?post=1506"}],"curies":[{"name":"wp","href":"https:\/\/api.w.org\/{rel}","templated":true}]}}