{"id":1473,"date":"2024-04-03T00:00:00","date_gmt":"2024-04-03T07:00:00","guid":{"rendered":"https:\/\/elreporterodelacomunidad.com\/index.php\/2024\/04\/03\/mas-de-18-anos-de-condena-por-delitos-sexuales-para-francisco-javier-n\/"},"modified":"2024-04-03T00:00:00","modified_gmt":"2024-04-03T07:00:00","slug":"mas-de-18-anos-de-condena-por-delitos-sexuales-para-francisco-javier-n","status":"publish","type":"post","link":"https:\/\/elreporterodelacomunidad.com\/index.php\/2024\/04\/03\/mas-de-18-anos-de-condena-por-delitos-sexuales-para-francisco-javier-n\/","title":{"rendered":"<b>M\u00e1s de 18 a\u00f1os de condena por delitos sexuales para Francisco Javier \u201cN\u201d<\/b>"},"content":{"rendered":"<p align=\"center\" style=\"text-align: left;, sans-serif;font-size: 15px\">La Fiscal\u00eda General de Justicia del Estado de Sonora (FGJES) logr\u00f3 una sentencia condenatoria de 18 a\u00f1os y 8 meses de prisi\u00f3n para Francisco Javier \u201cN\u201d por el delito de abuso sexual agravado reiterado y violaci\u00f3n agravada, cometidos en perjuicio a una menor de edad de identidad protegida de 12 a\u00f1os de edad.<\/p>\n<p style=\", sans-serif;font-size: 15px\">El proceso judicial revel\u00f3 que el acusado aprovech\u00f3 la relaci\u00f3n de confianza con la v\u00edctima, por ser esposo de la abuela de la menor, para perpetrar los delitos en el interior una vivienda localizada en la colonia Infonavit Guadalupe en el municipio de Empalme, Sonora.<\/p>\n<p style=\", sans-serif;font-size: 15px\">La investigaci\u00f3n demostr\u00f3 que a partir de mayo de 2022 y en el contexto de confianza y autoridad, el sentenciado realiz\u00f3 los actos de \u00edndole sexual no consentidos contra la menor, quien en ese entonces contaba con 12 a\u00f1os de edad.<\/p>\n<p style=\", sans-serif;font-size: 15px\">La sentencia impuesta refleja la determinaci\u00f3n de las autoridades por garantizar la seguridad y protecci\u00f3n de los menores frente a cualquier forma de abuso.<\/p>\n","protected":false},"excerpt":{"rendered":"<p>La Fiscal\u00eda General de Justicia del Estado de Sonora (FGJES) logr\u00f3 una sentencia condenatoria de 18 a\u00f1os y 8 meses de prisi\u00f3n para Francisco Javier \u201cN\u201d por el delito de abuso sexual agravado reiterado y violaci\u00f3n agravada, cometidos en perjuicio a una menor de edad de identidad protegida de 12 a\u00f1os de edad. El proceso [&hellip;]<\/p>\n","protected":false},"author":1,"featured_media":1474,"comment_status":"open","ping_status":"open","sticky":false,"template":"","format":"standard","meta":{"footnotes":""},"categories":[32],"tags":[],"class_list":["post-1473","post","type-post","status-publish","format-standard","has-post-thumbnail","hentry","category-policiaca"],"_links":{"self":[{"href":"https:\/\/elreporterodelacomunidad.com\/index.php\/wp-json\/wp\/v2\/posts\/1473","targetHints":{"allow":["GET"]}}],"collection":[{"href":"https:\/\/elreporterodelacomunidad.com\/index.php\/wp-json\/wp\/v2\/posts"}],"about":[{"href":"https:\/\/elreporterodelacomunidad.com\/index.php\/wp-json\/wp\/v2\/types\/post"}],"author":[{"embeddable":true,"href":"https:\/\/elreporterodelacomunidad.com\/index.php\/wp-json\/wp\/v2\/users\/1"}],"replies":[{"embeddable":true,"href":"https:\/\/elreporterodelacomunidad.com\/index.php\/wp-json\/wp\/v2\/comments?post=1473"}],"version-history":[{"count":0,"href":"https:\/\/elreporterodelacomunidad.com\/index.php\/wp-json\/wp\/v2\/posts\/1473\/revisions"}],"wp:featuredmedia":[{"embeddable":true,"href":"https:\/\/elreporterodelacomunidad.com\/index.php\/wp-json\/wp\/v2\/media\/1474"}],"wp:attachment":[{"href":"https:\/\/elreporterodelacomunidad.com\/index.php\/wp-json\/wp\/v2\/media?parent=1473"}],"wp:term":[{"taxonomy":"category","embeddable":true,"href":"https:\/\/elreporterodelacomunidad.com\/index.php\/wp-json\/wp\/v2\/categories?post=1473"},{"taxonomy":"post_tag","embeddable":true,"href":"https:\/\/elreporterodelacomunidad.com\/index.php\/wp-json\/wp\/v2\/tags?post=1473"}],"curies":[{"name":"wp","href":"https:\/\/api.w.org\/{rel}","templated":true}]}}