{"id":1452,"date":"2024-04-03T00:00:00","date_gmt":"2024-04-03T07:00:00","guid":{"rendered":"https:\/\/elreporterodelacomunidad.com\/index.php\/2024\/04\/03\/pide-en-senado-declarar-a-mexico-estado-fallido\/"},"modified":"2024-04-03T00:00:00","modified_gmt":"2024-04-03T07:00:00","slug":"pide-en-senado-declarar-a-mexico-estado-fallido","status":"publish","type":"post","link":"https:\/\/elreporterodelacomunidad.com\/index.php\/2024\/04\/03\/pide-en-senado-declarar-a-mexico-estado-fallido\/","title":{"rendered":"Pide en Senado declarar a M\u00e9xico \u201cEstado fallido\u201d"},"content":{"rendered":"<p class=\"MsoNormal\">El reciente asesinato de Gisela Gayt\u00e1n, candidata de Morena a la alcald\u00eda de Celaya, Guanajuato, ha generado un profundo impacto en la esfera pol\u00edtica mexicana, desencadenando una serie de reacciones y demandas en el Senado de la Rep\u00fablica.<\/p>\n<p class=\"MsoNormal\">\n<p class=\"MsoNormal\">Durante la sesi\u00f3n del Senado, V\u00edctor Fuentes del Partido Acci\u00f3n Nacional (PAN) hizo un llamado para que M\u00e9xico sea catalogado como un \u201cEstado fallido\u201d, argumentando que la situaci\u00f3n de ingobernabilidad prevalece en todo el pa\u00eds. Expres\u00f3 su consternaci\u00f3n ante la impunidad que rodea la p\u00e9rdida de vidas ciudadanas, se\u00f1alando que tanto activistas, periodistas, pol\u00edticos, candidatos, e incluso elementos de la Guardia Nacional, han sido v\u00edctimas de la violencia sin que se tomen medidas efectivas al respecto.<\/p>\n<p class=\"MsoNormal\">El Pleno del Senado guard\u00f3 un minuto de silencio en memoria de Gisela Gayt\u00e1n, quien perdi\u00f3 la vida en un ataque armado el lunes pasado en la comunidad de San Miguel Octopan.<\/p>\n<p class=\"MsoNormal\">Mal\u00fa Micher, senadora, conden\u00f3 en\u00e9rgicamente el asesinato de la candidata, se\u00f1alando que el Estado fallido se manifiesta claramente en Guanajuato, deslindando responsabilidades del Gobierno federal y recayendo la culpa en las autoridades estatales por la falta de seguridad.<\/p>\n<p class=\"MsoNormal\">En el \u00e1mbito pol\u00edtico, Claudia Sheinbaum, candidata presidencial de Morena, culp\u00f3 al Instituto Electoral del Estado de Guanajuato (IEEG) por no proporcionar protecci\u00f3n adecuada a Gisela Gayt\u00e1n, solicitando una investigaci\u00f3n sobre el organismo electoral. Por su parte, Alma Alcaraz, candidata de Morena a la gubernatura de Guanajuato, responsabiliz\u00f3 a las autoridades estatales del ataque.<\/p>\n<p class=\"MsoNormal\">El gobernador de Guanajuato, Diego Sinhue Rodr\u00edguez, asegur\u00f3 que el asesinato de Gisela Gayt\u00e1n no quedar\u00e1 impune, aunque la indignaci\u00f3n y la preocupaci\u00f3n por la situaci\u00f3n de seguridad en el estado y en el pa\u00eds persisten en medio de este tr\u00e1gico suceso.<\/p>\n","protected":false},"excerpt":{"rendered":"<p>El Pleno del Senado guard\u00f3 un minuto de silencio en memoria de Gisela Gayt\u00e1n.<\/p>\n","protected":false},"author":1,"featured_media":1453,"comment_status":"open","ping_status":"open","sticky":false,"template":"","format":"standard","meta":{"footnotes":""},"categories":[29],"tags":[],"class_list":["post-1452","post","type-post","status-publish","format-standard","has-post-thumbnail","hentry","category-principalsecundaria"],"_links":{"self":[{"href":"https:\/\/elreporterodelacomunidad.com\/index.php\/wp-json\/wp\/v2\/posts\/1452","targetHints":{"allow":["GET"]}}],"collection":[{"href":"https:\/\/elreporterodelacomunidad.com\/index.php\/wp-json\/wp\/v2\/posts"}],"about":[{"href":"https:\/\/elreporterodelacomunidad.com\/index.php\/wp-json\/wp\/v2\/types\/post"}],"author":[{"embeddable":true,"href":"https:\/\/elreporterodelacomunidad.com\/index.php\/wp-json\/wp\/v2\/users\/1"}],"replies":[{"embeddable":true,"href":"https:\/\/elreporterodelacomunidad.com\/index.php\/wp-json\/wp\/v2\/comments?post=1452"}],"version-history":[{"count":0,"href":"https:\/\/elreporterodelacomunidad.com\/index.php\/wp-json\/wp\/v2\/posts\/1452\/revisions"}],"wp:featuredmedia":[{"embeddable":true,"href":"https:\/\/elreporterodelacomunidad.com\/index.php\/wp-json\/wp\/v2\/media\/1453"}],"wp:attachment":[{"href":"https:\/\/elreporterodelacomunidad.com\/index.php\/wp-json\/wp\/v2\/media?parent=1452"}],"wp:term":[{"taxonomy":"category","embeddable":true,"href":"https:\/\/elreporterodelacomunidad.com\/index.php\/wp-json\/wp\/v2\/categories?post=1452"},{"taxonomy":"post_tag","embeddable":true,"href":"https:\/\/elreporterodelacomunidad.com\/index.php\/wp-json\/wp\/v2\/tags?post=1452"}],"curies":[{"name":"wp","href":"https:\/\/api.w.org\/{rel}","templated":true}]}}