{"id":1406,"date":"2024-04-05T00:00:00","date_gmt":"2024-04-05T07:00:00","guid":{"rendered":"https:\/\/elreporterodelacomunidad.com\/index.php\/2024\/04\/05\/autobus-de-pasajeros-sufre-accidente-en-carretera-santa-ana-altar\/"},"modified":"2024-04-05T00:00:00","modified_gmt":"2024-04-05T07:00:00","slug":"autobus-de-pasajeros-sufre-accidente-en-carretera-santa-ana-altar","status":"publish","type":"post","link":"https:\/\/elreporterodelacomunidad.com\/index.php\/2024\/04\/05\/autobus-de-pasajeros-sufre-accidente-en-carretera-santa-ana-altar\/","title":{"rendered":"Autob\u00fas de pasajeros sufre accidente en carretera Santa Ana- Altar"},"content":{"rendered":"<p class=\"MsoNormal\">Alrededor de 20 personas resultaron afectadas en un accidente que ocurri\u00f3 la madrugada de este viernes en el tramo carretero Santa Ana-Altar, donde un autob\u00fas de transporte de pasajeros se sali\u00f3 del camino y cay\u00f3 hacia el fondo de un paso a desnivel.<\/p>\n<p class=\"MsoNormal\">\n<p class=\"MsoNormal\">Alrededor de las 5:00 horas de este 5 de abril se present\u00f3 el incidente, a la altura del kil\u00f3metro 6 de la citada vialidad, donde aparentemente el cami\u00f3n, de la l\u00ednea Elite, con serie 10572, perdi\u00f3 el control y termin\u00f3 por salirse de la cinta asf\u00e1ltica, para quedar tirado a un lado de la carretera.<\/p>\n<p class=\"MsoNormal\">Por tal motivo, un total de siete unidades de diferentes cuerpos de emergencias, como Bomberos, Protecci\u00f3n Civil y Cruz Roja de Santa Ana, acudieron al \u00e1rea para brindar atenci\u00f3n y garantizar la seguridad de las y los involucrados en el incidente, pues eran alrededor de 20 personas las que se encontraban a bordo del cami\u00f3n cuando ocurri\u00f3 el accidente.<\/p>\n<p class=\"MsoNormal\">De acuerdo con la informaci\u00f3n de la Coordinaci\u00f3n Estatal de Protecci\u00f3n Civil (CEPC), solamente dos de las 20 personas que tripulaban la unidad resultaron con lesiones que tardan m\u00e1s de 15 d\u00edas en sanar, por lo que fueron trasladadas a instituciones m\u00e9dicas en Santa Ana.<\/p>\n<p class=\"MsoNormal\">De acuerdo con informaci\u00f3n extraoficial, el conductor del cami\u00f3n se habr\u00eda dado a la fuga luego de que ocurriera el accidente, por lo que todav\u00eda no se tienen certeza sobre las causas del siniestro.<\/p>\n<p class=\"MsoNormal\">Asimismo, autoridades de seguridad de la localidad de Santa Ana se encargan de las indagaciones sobre el incidente para determinar las causas precisas y realizar el deslinde de responsabilidades, de manera que sea posible evitar este tipo de situaciones en el futuro.<\/p>\n<p class=\"MsoNormal\">Mientras tanto, Protecci\u00f3n Civil Sonora emiti\u00f3 recomendaciones a la poblaci\u00f3n que transita por esta y otras carreteras en el estado, para que manejen con precauci\u00f3n y siempre revisar las condiciones mec\u00e1nicas del veh\u00edculo para evitar cualquier desperfecto.<\/p>\n<p class=\"MsoNormal\">Cabe recordar que durante diciembre del a\u00f1o pasado se present\u00f3 un siniestro en la carretera Santa Ana &#8211; Altar, el cual dej\u00f3 un saldo de cinco muertos y una persona lesionada, luego del encontronazo que sufrieron dos veh\u00edculos cuando uno de estos invadi\u00f3 el carril en sentido opuesto.<\/p>\n<p class=\"MsoNormal\">Durante este fin de semana se mantendr\u00e1n operativos de vigilancia en los tramos carreteros por parte de las distintas corporaciones de seguridad, con motivo del fin de las vacaciones de primavera.<\/p>\n","protected":false},"excerpt":{"rendered":"<p>Alrededor de las 5:00 horas de este 5 de abril se present\u00f3 el incidente, a la altura del kil\u00f3metro 6 del tramo carretero Santa Ana-Altar.<\/p>\n","protected":false},"author":1,"featured_media":1407,"comment_status":"open","ping_status":"open","sticky":false,"template":"","format":"standard","meta":{"footnotes":""},"categories":[29],"tags":[],"class_list":["post-1406","post","type-post","status-publish","format-standard","has-post-thumbnail","hentry","category-principalsecundaria"],"_links":{"self":[{"href":"https:\/\/elreporterodelacomunidad.com\/index.php\/wp-json\/wp\/v2\/posts\/1406","targetHints":{"allow":["GET"]}}],"collection":[{"href":"https:\/\/elreporterodelacomunidad.com\/index.php\/wp-json\/wp\/v2\/posts"}],"about":[{"href":"https:\/\/elreporterodelacomunidad.com\/index.php\/wp-json\/wp\/v2\/types\/post"}],"author":[{"embeddable":true,"href":"https:\/\/elreporterodelacomunidad.com\/index.php\/wp-json\/wp\/v2\/users\/1"}],"replies":[{"embeddable":true,"href":"https:\/\/elreporterodelacomunidad.com\/index.php\/wp-json\/wp\/v2\/comments?post=1406"}],"version-history":[{"count":0,"href":"https:\/\/elreporterodelacomunidad.com\/index.php\/wp-json\/wp\/v2\/posts\/1406\/revisions"}],"wp:featuredmedia":[{"embeddable":true,"href":"https:\/\/elreporterodelacomunidad.com\/index.php\/wp-json\/wp\/v2\/media\/1407"}],"wp:attachment":[{"href":"https:\/\/elreporterodelacomunidad.com\/index.php\/wp-json\/wp\/v2\/media?parent=1406"}],"wp:term":[{"taxonomy":"category","embeddable":true,"href":"https:\/\/elreporterodelacomunidad.com\/index.php\/wp-json\/wp\/v2\/categories?post=1406"},{"taxonomy":"post_tag","embeddable":true,"href":"https:\/\/elreporterodelacomunidad.com\/index.php\/wp-json\/wp\/v2\/tags?post=1406"}],"curies":[{"name":"wp","href":"https:\/\/api.w.org\/{rel}","templated":true}]}}