{"id":14022,"date":"2025-01-09T16:29:24","date_gmt":"2025-01-09T23:29:24","guid":{"rendered":"https:\/\/elreporterodelacomunidad.com\/?p=14022"},"modified":"2025-01-09T16:29:26","modified_gmt":"2025-01-09T23:29:26","slug":"se-mantiene-suspension-de-clases-este-viernes-10-de-enero-en-30-municipios-sec","status":"publish","type":"post","link":"https:\/\/elreporterodelacomunidad.com\/index.php\/2025\/01\/09\/se-mantiene-suspension-de-clases-este-viernes-10-de-enero-en-30-municipios-sec\/","title":{"rendered":"Se mantiene suspensi\u00f3n de clases este viernes 10 de enero en 30 municipios: SEC."},"content":{"rendered":"\n<p>Hermosillo, Sonora a 09 de enero de 2025.- Por recomendaci\u00f3n de la Coordinaci\u00f3n Estatal de Protecci\u00f3n Civil (CEPC) el viernes 10 de enero se mantendr\u00e1 la suspensi\u00f3n de clases en 30 municipios de Sonora ante las condiciones meteorol\u00f3gicas que prevalecen en la regi\u00f3n, anunci\u00f3 Froyl\u00e1n G\u00e1mez Gamboa.<\/p>\n\n\n\n<p>El titular de la Secretar\u00eda de Educaci\u00f3n y Cultura (SEC) detall\u00f3 que dichos municipios son Nogales, \u00cdmuris, Santa Cruz, Cananea, Arizpe, Bacoachi, Naco, Fronteras, Agua Prieta, Nacozari, Bavispe, Cumpas, Villa Hidalgo, Bacerac y Huachinera.<\/p>\n\n\n\n<p>Asimismo en Hu\u00e1sabas, Moctezuma, Bacad\u00e9huachi, Granados, N\u00e1cori Chico, Divisaderos, Tepache, San Pedro de la Cueva, Soyopa, Bacanora, Sahuaripa, Arivechi, \u00d3navas, Y\u00e9cora y Rosario.<\/p>\n\n\n\n<p>De acuerdo con la informaci\u00f3n proporcionada por la CEPC, la medida se tom\u00f3 por la continuidad de los efectos adversos de la segunda tormenta invernal, como recuperaci\u00f3n tard\u00eda de temperaturas, nublados y probabilidad media de precipitaci\u00f3n.<\/p>\n\n\n\n<p>G\u00e1mez Gamboa subray\u00f3 que en los municipios restantes las clases se llevar\u00e1n a cabo con la modificaci\u00f3n del horario anterior: la entrada a clases ser\u00e1 una hora despu\u00e9s, en el turno matutino y se adelantar\u00e1 una hora la salida en el turno vespertino, en escuelas p\u00fablicas y particulares de nivel b\u00e1sico.<\/p>\n\n\n\n<p>El funcionario estatal reiter\u00f3 el llamado a la poblaci\u00f3n a permanecer atenta a cualquier aviso que emitan las autoridades correspondientes a trav\u00e9s de los medios oficiales de informaci\u00f3n.<\/p>\n","protected":false},"excerpt":{"rendered":"<p>Hermosillo, Sonora a 09 de enero de 2025.- Por recomendaci\u00f3n de la Coordinaci\u00f3n Estatal de Protecci\u00f3n Civil (CEPC) el viernes 10 de enero se mantendr\u00e1 la suspensi\u00f3n de clases en 30 municipios de Sonora ante las condiciones meteorol\u00f3gicas que prevalecen en la regi\u00f3n, anunci\u00f3 Froyl\u00e1n G\u00e1mez Gamboa. El titular de la Secretar\u00eda de Educaci\u00f3n y [&hellip;]<\/p>\n","protected":false},"author":3,"featured_media":14023,"comment_status":"open","ping_status":"open","sticky":false,"template":"","format":"standard","meta":{"footnotes":""},"categories":[36],"tags":[],"class_list":["post-14022","post","type-post","status-publish","format-standard","has-post-thumbnail","hentry","category-educacion"],"_links":{"self":[{"href":"https:\/\/elreporterodelacomunidad.com\/index.php\/wp-json\/wp\/v2\/posts\/14022","targetHints":{"allow":["GET"]}}],"collection":[{"href":"https:\/\/elreporterodelacomunidad.com\/index.php\/wp-json\/wp\/v2\/posts"}],"about":[{"href":"https:\/\/elreporterodelacomunidad.com\/index.php\/wp-json\/wp\/v2\/types\/post"}],"author":[{"embeddable":true,"href":"https:\/\/elreporterodelacomunidad.com\/index.php\/wp-json\/wp\/v2\/users\/3"}],"replies":[{"embeddable":true,"href":"https:\/\/elreporterodelacomunidad.com\/index.php\/wp-json\/wp\/v2\/comments?post=14022"}],"version-history":[{"count":1,"href":"https:\/\/elreporterodelacomunidad.com\/index.php\/wp-json\/wp\/v2\/posts\/14022\/revisions"}],"predecessor-version":[{"id":14024,"href":"https:\/\/elreporterodelacomunidad.com\/index.php\/wp-json\/wp\/v2\/posts\/14022\/revisions\/14024"}],"wp:featuredmedia":[{"embeddable":true,"href":"https:\/\/elreporterodelacomunidad.com\/index.php\/wp-json\/wp\/v2\/media\/14023"}],"wp:attachment":[{"href":"https:\/\/elreporterodelacomunidad.com\/index.php\/wp-json\/wp\/v2\/media?parent=14022"}],"wp:term":[{"taxonomy":"category","embeddable":true,"href":"https:\/\/elreporterodelacomunidad.com\/index.php\/wp-json\/wp\/v2\/categories?post=14022"},{"taxonomy":"post_tag","embeddable":true,"href":"https:\/\/elreporterodelacomunidad.com\/index.php\/wp-json\/wp\/v2\/tags?post=14022"}],"curies":[{"name":"wp","href":"https:\/\/api.w.org\/{rel}","templated":true}]}}