{"id":1396,"date":"2024-04-05T00:00:00","date_gmt":"2024-04-05T07:00:00","guid":{"rendered":"https:\/\/elreporterodelacomunidad.com\/index.php\/2024\/04\/05\/recibe-condena-de-31-anos-de-prision-por-homicidio-en-hermosillo\/"},"modified":"2024-04-05T00:00:00","modified_gmt":"2024-04-05T07:00:00","slug":"recibe-condena-de-31-anos-de-prision-por-homicidio-en-hermosillo","status":"publish","type":"post","link":"https:\/\/elreporterodelacomunidad.com\/index.php\/2024\/04\/05\/recibe-condena-de-31-anos-de-prision-por-homicidio-en-hermosillo\/","title":{"rendered":"Recibe condena de 31 a\u00f1os de prisi\u00f3n por homicidio en Hermosillo"},"content":{"rendered":"<p class=\"MsoNormal\">La Fiscal\u00eda General de Justicia del Estado de Sonora (FGJES) logr\u00f3 que se dictara una sentencia condenatoria de 31 a\u00f1os y 3 meses de prisi\u00f3n para C\u00e9sar Iv\u00e1n \u201cN\u201d, por su responsabilidad en el delito de homicidio calificado, cometido en agravio de Luis \u00c1ngel \u201cN\u201d, alias \u201cEl Mudo\u201d.<\/p>\n<p class=\"MsoNormal\">\n<p class=\"MsoNormal\">Los hechos por los cuales fue condenado ocurrieron el d\u00eda 29 de julio de 2022, entre las 3:00 y 4:00 horas, en la colonia El Mirador, tambi\u00e9n conocida como El Chaparral, en Hermosillo, Sonora; de acuerdo a lo demostrado en el juicio, C\u00e9sar Iv\u00e1n \u201cN\u201d arrib\u00f3 al lugar portando un arma de fuego y condujo a la v\u00edctima hacia un terreno bald\u00edo cercano, donde le dispar\u00f3, caus\u00e1ndole heridas mortales.<\/p>\n<p class=\"MsoNormal\">Con el trabajo del Ministerio P\u00fablico, peritos e investigadores, se reunieron suficientes pruebas testimoniales y cient\u00edficas que permitieron demostrar, m\u00e1s all\u00e1 de toda duda razonable, la culpabilidad de C\u00e9sar Iv\u00e1n \u201cN\u201d en el homicidio de Luis \u00c1ngel \u201cN\u201d.<\/p>\n<p class=\"MsoNormal\">La sentencia dictada refleja el compromiso de la Fiscal\u00eda General de Justicia del Estado de Sonora (FGJES) con la b\u00fasqueda de justicia para las v\u00edctimas y sus familias, as\u00ed como con el combate a la impunidad.<\/p>\n","protected":false},"excerpt":{"rendered":"<p>La Fiscal\u00eda General de Justicia del Estado de Sonora (FGJES) logr\u00f3 que se dictara una sentencia condenatoria de 31 a\u00f1os y 3 meses de prisi\u00f3n para C\u00e9sar Iv\u00e1n \u201cN\u201d, por su responsabilidad en el delito de homicidio calificado, cometido en agravio de Luis \u00c1ngel \u201cN\u201d, alias \u201cEl Mudo\u201d. Los hechos por los cuales fue condenado [&hellip;]<\/p>\n","protected":false},"author":1,"featured_media":1397,"comment_status":"open","ping_status":"open","sticky":false,"template":"","format":"standard","meta":{"footnotes":""},"categories":[32],"tags":[],"class_list":["post-1396","post","type-post","status-publish","format-standard","has-post-thumbnail","hentry","category-policiaca"],"_links":{"self":[{"href":"https:\/\/elreporterodelacomunidad.com\/index.php\/wp-json\/wp\/v2\/posts\/1396","targetHints":{"allow":["GET"]}}],"collection":[{"href":"https:\/\/elreporterodelacomunidad.com\/index.php\/wp-json\/wp\/v2\/posts"}],"about":[{"href":"https:\/\/elreporterodelacomunidad.com\/index.php\/wp-json\/wp\/v2\/types\/post"}],"author":[{"embeddable":true,"href":"https:\/\/elreporterodelacomunidad.com\/index.php\/wp-json\/wp\/v2\/users\/1"}],"replies":[{"embeddable":true,"href":"https:\/\/elreporterodelacomunidad.com\/index.php\/wp-json\/wp\/v2\/comments?post=1396"}],"version-history":[{"count":0,"href":"https:\/\/elreporterodelacomunidad.com\/index.php\/wp-json\/wp\/v2\/posts\/1396\/revisions"}],"wp:featuredmedia":[{"embeddable":true,"href":"https:\/\/elreporterodelacomunidad.com\/index.php\/wp-json\/wp\/v2\/media\/1397"}],"wp:attachment":[{"href":"https:\/\/elreporterodelacomunidad.com\/index.php\/wp-json\/wp\/v2\/media?parent=1396"}],"wp:term":[{"taxonomy":"category","embeddable":true,"href":"https:\/\/elreporterodelacomunidad.com\/index.php\/wp-json\/wp\/v2\/categories?post=1396"},{"taxonomy":"post_tag","embeddable":true,"href":"https:\/\/elreporterodelacomunidad.com\/index.php\/wp-json\/wp\/v2\/tags?post=1396"}],"curies":[{"name":"wp","href":"https:\/\/api.w.org\/{rel}","templated":true}]}}