{"id":1394,"date":"2024-04-07T00:00:00","date_gmt":"2024-04-07T07:00:00","guid":{"rendered":"https:\/\/elreporterodelacomunidad.com\/index.php\/2024\/04\/07\/liga-buhitos-unison-se-corona-campeon-nacional-de-la-mlb-cup-2024\/"},"modified":"2024-04-07T00:00:00","modified_gmt":"2024-04-07T07:00:00","slug":"liga-buhitos-unison-se-corona-campeon-nacional-de-la-mlb-cup-2024","status":"publish","type":"post","link":"https:\/\/elreporterodelacomunidad.com\/index.php\/2024\/04\/07\/liga-buhitos-unison-se-corona-campeon-nacional-de-la-mlb-cup-2024\/","title":{"rendered":"Liga Buhitos Unison se corona campe\u00f3n nacional de la MLB Cup 2024"},"content":{"rendered":"<p class=\"MsoNormal\">La Liga de beisbol Buhitos Unison de Hermosillo, Sonora, hizo historia al coronarse campeona en la edici\u00f3n 2024 de la MLB Cup, celebrada en la Ciudad de M\u00e9xico.<\/p>\n<p class=\"MsoNormal\">\n<p class=\"MsoNormal\">Este logro marca un hito al convertirse en el primer equipo del estado de Sonora en ganar este prestigioso torneo.<\/p>\n<p class=\"MsoNormal\">En un torneo que cont\u00f3 con la participaci\u00f3n de 28 equipos provenientes de diferentes estados de la Rep\u00fablica Mexicana, los capitalinos se alzaron con el campeonato al derrotar a la Liga Regional de Medell\u00edn, representante de Veracruz, por un contundente marcador de 5-0.<\/p>\n<p class=\"MsoNormal\">El encuentro estuvo marcado por el destacado desempe\u00f1o de los lanzadores de ambas escuadras, manteniendo un juego cerrado hasta la parte alta del quinto episodio, momento en el que la Liga Buhitos logr\u00f3 abrir el marcador y, donde obtuvo un rally de cuatro carreras,que los puso adelante en el marcador y le diera la victoria.<\/p>\n<p class=\"MsoNormal\">Con esta victoria, la novena sonorense puso fin a la hegemon\u00eda que manten\u00eda Tijuana, equipo que hab\u00eda ganado cuatro campeonatos consecutivos en el torneo.<\/p>\n<p class=\"MsoNormal\">Durante el torneo, la Liga Buhitos Unison tuvo una destacada participaci\u00f3n liderando el grupo G con una marca de dos victorias y una derrota. En el camino hacia la final, lograron imponerse con autoridad, venciendo a la Liga Santiago por un marcador de 7-1, seguido de una victoria por 11-7 sobre los representantes de Puebla. En las semifinales, superaron a la Liga Ojo de Agua de Saltillo por 5-4, asegurando as\u00ed su lugar en la final y, finalmente, obteniendo el t\u00edtulo de campeones.<\/p>\n<p class=\"MsoNormal\">Al finalizar el torneo, la Liga Buhitos se posicion\u00f3 en el primer lugar, seguida por la Liga Regional Medell\u00edn de Veracruz en el segundo puesto. La Liga Ojo de Agua de Saltillo, Coahuila, se qued\u00f3 con el tercer lugar en el podio.<\/p>\n","protected":false},"excerpt":{"rendered":"<p>En un torneo que cont\u00f3 con la participaci\u00f3n de 28 equipos provenientes de diferentes estados de la Rep\u00fablica Mexicana, derrotaron a la Liga Regional de Medell\u00edn, representante de Veracruz, por un contundente marcador de 5-0.<\/p>\n","protected":false},"author":1,"featured_media":1395,"comment_status":"open","ping_status":"open","sticky":false,"template":"","format":"standard","meta":{"footnotes":""},"categories":[29],"tags":[],"class_list":["post-1394","post","type-post","status-publish","format-standard","has-post-thumbnail","hentry","category-principalsecundaria"],"_links":{"self":[{"href":"https:\/\/elreporterodelacomunidad.com\/index.php\/wp-json\/wp\/v2\/posts\/1394","targetHints":{"allow":["GET"]}}],"collection":[{"href":"https:\/\/elreporterodelacomunidad.com\/index.php\/wp-json\/wp\/v2\/posts"}],"about":[{"href":"https:\/\/elreporterodelacomunidad.com\/index.php\/wp-json\/wp\/v2\/types\/post"}],"author":[{"embeddable":true,"href":"https:\/\/elreporterodelacomunidad.com\/index.php\/wp-json\/wp\/v2\/users\/1"}],"replies":[{"embeddable":true,"href":"https:\/\/elreporterodelacomunidad.com\/index.php\/wp-json\/wp\/v2\/comments?post=1394"}],"version-history":[{"count":0,"href":"https:\/\/elreporterodelacomunidad.com\/index.php\/wp-json\/wp\/v2\/posts\/1394\/revisions"}],"wp:featuredmedia":[{"embeddable":true,"href":"https:\/\/elreporterodelacomunidad.com\/index.php\/wp-json\/wp\/v2\/media\/1395"}],"wp:attachment":[{"href":"https:\/\/elreporterodelacomunidad.com\/index.php\/wp-json\/wp\/v2\/media?parent=1394"}],"wp:term":[{"taxonomy":"category","embeddable":true,"href":"https:\/\/elreporterodelacomunidad.com\/index.php\/wp-json\/wp\/v2\/categories?post=1394"},{"taxonomy":"post_tag","embeddable":true,"href":"https:\/\/elreporterodelacomunidad.com\/index.php\/wp-json\/wp\/v2\/tags?post=1394"}],"curies":[{"name":"wp","href":"https:\/\/api.w.org\/{rel}","templated":true}]}}