{"id":1375,"date":"2024-04-07T00:00:00","date_gmt":"2024-04-07T07:00:00","guid":{"rendered":"https:\/\/elreporterodelacomunidad.com\/index.php\/2024\/04\/07\/policia-municipal-de-san-carlos-agrede-a-un-joven-le-da-una-cintariza\/"},"modified":"2024-05-18T22:13:53","modified_gmt":"2024-05-19T05:13:53","slug":"policia-municipal-de-san-carlos-agrede-a-un-joven-le-da-una-cintariza","status":"publish","type":"post","link":"https:\/\/elreporterodelacomunidad.com\/index.php\/2024\/04\/07\/policia-municipal-de-san-carlos-agrede-a-un-joven-le-da-una-cintariza\/","title":{"rendered":"Polic\u00eda Municipal de San Carlos agrede a un joven, le da una &#039;cintariza&#039;"},"content":{"rendered":"<p class=\"MsoNormal\">Con la misma pr\u00e1ctica que algunos padres de familia suelen reaccionar cuando alguno de sus hijos comete una travesura o inconveniente, al menos un agente de la Polic\u00eda Municipal en San Carlos, Nuevo Guaymas actu\u00f3 en contra de un joven la noche del s\u00e1bado, a quien agarr\u00f3 a \u201ccintarazos\u201d.<\/p>\n<p class=\"MsoNormal\">\n<p class=\"MsoNormal\">A trav\u00e9s de redes sociales, se difundi\u00f3 un video en el que se aprecia como varios integrantes de la corporaci\u00f3n llegan en patrullas a un lugar en el que hay una concentraci\u00f3n importante de j\u00f3venes.<\/p>\n<p class=\"MsoNormal\">Al descender de las unidades, los uniformados empiezan a tratar de retirar a los presentes, sin embargo forcejean con un par de ellos en el suelo.<\/p>\n<p class=\"MsoNormal\">Aunque es poca la visibilidad, a decir de testigos, uno de los vacacionistas es agredido con un cinto durante varios segundos, pero logra zafarse y huye a fuerza de carrera.<\/p>\n<p class=\"MsoNormal\">M\u00e1s tarde, en plataformas digitales se mostr\u00f3 en una fotograf\u00eda c\u00f3mo qued\u00f3 el cuerpo del afectado, con marcas pronunciadas que le gener\u00f3 heridas considerables que pudieran tardar hasta m\u00e1s de 15 d\u00edas en sanar.<\/p>\n<p class=\"MsoNormal\">La periodista guaymense, Karla Monta\u00f1o escribi\u00f3 en su cuenta de X, que el agente policial es identificado con el nombre de Miguel.<\/p>\n<p class=\"MsoNormal\">Como antecedente, dicho polic\u00eda est\u00e1 relacionado con un suceso donde muri\u00f3 un empalmense la semana pasada, por lo que est\u00e1 bajo investigaci\u00f3n de la Fiscal\u00eda General de Justicia del Estado.<\/p>\n<p class=\"MsoNormal\">Debido a este suceso, representantes de la corporaci\u00f3n ni del Ayuntamiento de Guaymas han dado una postura al respecto ni del motivo que llev\u00f3 al agente a reaccionar de esa manera en contra de un ciudadano.<\/p>\n","protected":false},"excerpt":{"rendered":"<p>Un joven fue agredido con un cinto en varias ocasiones, qui\u00e9n logr\u00f3 zafarse y huy\u00f3. M\u00e1s tarde, en redes se mostr\u00f3 en una foto c\u00f3mo qued\u00f3 el cuerpo del afectado.&nbsp;<\/p>\n","protected":false},"author":1,"featured_media":1377,"comment_status":"open","ping_status":"open","sticky":false,"template":"","format":"standard","meta":{"footnotes":""},"categories":[32],"tags":[],"class_list":["post-1375","post","type-post","status-publish","format-standard","has-post-thumbnail","hentry","category-policiaca"],"_links":{"self":[{"href":"https:\/\/elreporterodelacomunidad.com\/index.php\/wp-json\/wp\/v2\/posts\/1375","targetHints":{"allow":["GET"]}}],"collection":[{"href":"https:\/\/elreporterodelacomunidad.com\/index.php\/wp-json\/wp\/v2\/posts"}],"about":[{"href":"https:\/\/elreporterodelacomunidad.com\/index.php\/wp-json\/wp\/v2\/types\/post"}],"author":[{"embeddable":true,"href":"https:\/\/elreporterodelacomunidad.com\/index.php\/wp-json\/wp\/v2\/users\/1"}],"replies":[{"embeddable":true,"href":"https:\/\/elreporterodelacomunidad.com\/index.php\/wp-json\/wp\/v2\/comments?post=1375"}],"version-history":[{"count":1,"href":"https:\/\/elreporterodelacomunidad.com\/index.php\/wp-json\/wp\/v2\/posts\/1375\/revisions"}],"predecessor-version":[{"id":1376,"href":"https:\/\/elreporterodelacomunidad.com\/index.php\/wp-json\/wp\/v2\/posts\/1375\/revisions\/1376"}],"wp:featuredmedia":[{"embeddable":true,"href":"https:\/\/elreporterodelacomunidad.com\/index.php\/wp-json\/wp\/v2\/media\/1377"}],"wp:attachment":[{"href":"https:\/\/elreporterodelacomunidad.com\/index.php\/wp-json\/wp\/v2\/media?parent=1375"}],"wp:term":[{"taxonomy":"category","embeddable":true,"href":"https:\/\/elreporterodelacomunidad.com\/index.php\/wp-json\/wp\/v2\/categories?post=1375"},{"taxonomy":"post_tag","embeddable":true,"href":"https:\/\/elreporterodelacomunidad.com\/index.php\/wp-json\/wp\/v2\/tags?post=1375"}],"curies":[{"name":"wp","href":"https:\/\/api.w.org\/{rel}","templated":true}]}}