{"id":1342,"date":"2024-04-08T00:00:00","date_gmt":"2024-04-08T07:00:00","guid":{"rendered":"https:\/\/elreporterodelacomunidad.com\/index.php\/2024\/04\/08\/vinculados-a-proceso-por-usurpacion-de-funciones-uso-indebido-de-numeros-de-emergencia-y-delito-contra-la-salud\/"},"modified":"2024-04-08T00:00:00","modified_gmt":"2024-04-08T07:00:00","slug":"vinculados-a-proceso-por-usurpacion-de-funciones-uso-indebido-de-numeros-de-emergencia-y-delito-contra-la-salud","status":"publish","type":"post","link":"https:\/\/elreporterodelacomunidad.com\/index.php\/2024\/04\/08\/vinculados-a-proceso-por-usurpacion-de-funciones-uso-indebido-de-numeros-de-emergencia-y-delito-contra-la-salud\/","title":{"rendered":"Vinculados a proceso por usurpaci\u00f3n de funciones, uso indebido de n\u00fameros de emergencia y delito contra la salud"},"content":{"rendered":"<p class=\"MsoNormal\">La Fiscal\u00eda General de Justicia del Estado de Sonora (FGJES) obtuvo la vinculaci\u00f3n a proceso y prisi\u00f3n preventiva justificada para un sujeto y cuatro acompa\u00f1antes, quienes son probables responsables de los delitos de usurpaci\u00f3n de funciones p\u00fablicas o de profesi\u00f3n, uso indebido de n\u00fameros de emergencia y contra la salud.<\/p>\n<p class=\"MsoNormal\">Un Juez dict\u00f3 las medidas contra Heber \u201cN\u201d, Jazzi y\/o Jaciel Guadalupe \u201cN\u201d, Cintia Kareli \u201cN\u201d, \u00c1ngela Leticia \u201cN\u201d y Jorge \u201cN\u201d por los acontecimientos ocurridos el pasado 2 de abril en el kil\u00f3metro 52 de la carretera Sonoyta-San Luis R\u00edo Colorado, en el municipio de General Plutarco El\u00edas Calles, Sonora.<\/p>\n<p class=\"MsoNormal\">Dentro de la carpeta de investigaci\u00f3n qued\u00f3 establecido, con contundentes datos de prueba, que Heber \u201cN\u201d realiz\u00f3 llamadas al n\u00famero 911 en las que se present\u00f3 como general activo de las fuerzas castrenses, solicitando ayuda debido a que estaban atascados en un camino de terracer\u00eda a bordo de un veh\u00edculo.<\/p>\n<p class=\"MsoNormal\">Al acudir cuerpos de auxilio y rescate de los tres niveles de gobierno, observaron al grupo de personas en la unidad motriz Lincoln MKX de color negro, modelo 2013, mientras el sujeto exig\u00eda atenci\u00f3n r\u00e1pida tras volver a identificarse como miembro de las fuerzas armadas, lo cual no pudo comprobar.<\/p>\n<p class=\"MsoNormal\">Adem\u00e1s, arriba del autom\u00f3vil se localiz\u00f3 un frasco conteniendo marihuana, que dio un peso total de 149.45 gramos, por lo que fueron asegurados por oficiales de seguridad y puestos a disposici\u00f3n de esta representaci\u00f3n social, que recolect\u00f3 indicios y otros datos de prueba para obtener las debidas imputaciones.<\/p>\n","protected":false},"excerpt":{"rendered":"<p>La Fiscal\u00eda General de Justicia del Estado de Sonora (FGJES) obtuvo la vinculaci\u00f3n a proceso y prisi\u00f3n preventiva justificada para un sujeto y cuatro acompa\u00f1antes, quienes son probables responsables de los delitos de usurpaci\u00f3n de funciones p\u00fablicas o de profesi\u00f3n, uso indebido de n\u00fameros de emergencia y contra la salud. Un Juez dict\u00f3 las medidas [&hellip;]<\/p>\n","protected":false},"author":1,"featured_media":1343,"comment_status":"open","ping_status":"open","sticky":false,"template":"","format":"standard","meta":{"footnotes":""},"categories":[32],"tags":[],"class_list":["post-1342","post","type-post","status-publish","format-standard","has-post-thumbnail","hentry","category-policiaca"],"_links":{"self":[{"href":"https:\/\/elreporterodelacomunidad.com\/index.php\/wp-json\/wp\/v2\/posts\/1342","targetHints":{"allow":["GET"]}}],"collection":[{"href":"https:\/\/elreporterodelacomunidad.com\/index.php\/wp-json\/wp\/v2\/posts"}],"about":[{"href":"https:\/\/elreporterodelacomunidad.com\/index.php\/wp-json\/wp\/v2\/types\/post"}],"author":[{"embeddable":true,"href":"https:\/\/elreporterodelacomunidad.com\/index.php\/wp-json\/wp\/v2\/users\/1"}],"replies":[{"embeddable":true,"href":"https:\/\/elreporterodelacomunidad.com\/index.php\/wp-json\/wp\/v2\/comments?post=1342"}],"version-history":[{"count":0,"href":"https:\/\/elreporterodelacomunidad.com\/index.php\/wp-json\/wp\/v2\/posts\/1342\/revisions"}],"wp:featuredmedia":[{"embeddable":true,"href":"https:\/\/elreporterodelacomunidad.com\/index.php\/wp-json\/wp\/v2\/media\/1343"}],"wp:attachment":[{"href":"https:\/\/elreporterodelacomunidad.com\/index.php\/wp-json\/wp\/v2\/media?parent=1342"}],"wp:term":[{"taxonomy":"category","embeddable":true,"href":"https:\/\/elreporterodelacomunidad.com\/index.php\/wp-json\/wp\/v2\/categories?post=1342"},{"taxonomy":"post_tag","embeddable":true,"href":"https:\/\/elreporterodelacomunidad.com\/index.php\/wp-json\/wp\/v2\/tags?post=1342"}],"curies":[{"name":"wp","href":"https:\/\/api.w.org\/{rel}","templated":true}]}}