{"id":1304,"date":"2024-04-08T00:00:00","date_gmt":"2024-04-08T07:00:00","guid":{"rendered":"https:\/\/elreporterodelacomunidad.com\/index.php\/2024\/04\/08\/el-vaticano-reafirma-posicion-contra-cirugia-de-cambio-de-genero-y-la-gestacion-subrogada\/"},"modified":"2024-05-18T22:12:48","modified_gmt":"2024-05-19T05:12:48","slug":"el-vaticano-reafirma-posicion-contra-cirugia-de-cambio-de-genero-y-la-gestacion-subrogada","status":"publish","type":"post","link":"https:\/\/elreporterodelacomunidad.com\/index.php\/2024\/04\/08\/el-vaticano-reafirma-posicion-contra-cirugia-de-cambio-de-genero-y-la-gestacion-subrogada\/","title":{"rendered":"El Vaticano reafirma posici\u00f3n contra cirug\u00eda de cambio de g\u00e9nero y la gestaci\u00f3n subrogada"},"content":{"rendered":"<p>El Vaticano reafirma posici\u00f3n contra cirug\u00eda de cambio de g\u00e9nero y la gestaci\u00f3n subrogada<\/p>\n","protected":false},"excerpt":{"rendered":"<p>El Vaticano reafirma posici\u00f3n contra cirug\u00eda de cambio de g\u00e9nero y la gestaci\u00f3n subrogada<\/p>\n","protected":false},"author":1,"featured_media":0,"comment_status":"open","ping_status":"open","sticky":false,"template":"","format":"standard","meta":{"footnotes":""},"categories":[44],"tags":[],"class_list":["post-1304","post","type-post","status-publish","format-standard","hentry","category-tv"],"_links":{"self":[{"href":"https:\/\/elreporterodelacomunidad.com\/index.php\/wp-json\/wp\/v2\/posts\/1304","targetHints":{"allow":["GET"]}}],"collection":[{"href":"https:\/\/elreporterodelacomunidad.com\/index.php\/wp-json\/wp\/v2\/posts"}],"about":[{"href":"https:\/\/elreporterodelacomunidad.com\/index.php\/wp-json\/wp\/v2\/types\/post"}],"author":[{"embeddable":true,"href":"https:\/\/elreporterodelacomunidad.com\/index.php\/wp-json\/wp\/v2\/users\/1"}],"replies":[{"embeddable":true,"href":"https:\/\/elreporterodelacomunidad.com\/index.php\/wp-json\/wp\/v2\/comments?post=1304"}],"version-history":[{"count":1,"href":"https:\/\/elreporterodelacomunidad.com\/index.php\/wp-json\/wp\/v2\/posts\/1304\/revisions"}],"predecessor-version":[{"id":1306,"href":"https:\/\/elreporterodelacomunidad.com\/index.php\/wp-json\/wp\/v2\/posts\/1304\/revisions\/1306"}],"wp:attachment":[{"href":"https:\/\/elreporterodelacomunidad.com\/index.php\/wp-json\/wp\/v2\/media?parent=1304"}],"wp:term":[{"taxonomy":"category","embeddable":true,"href":"https:\/\/elreporterodelacomunidad.com\/index.php\/wp-json\/wp\/v2\/categories?post=1304"},{"taxonomy":"post_tag","embeddable":true,"href":"https:\/\/elreporterodelacomunidad.com\/index.php\/wp-json\/wp\/v2\/tags?post=1304"}],"curies":[{"name":"wp","href":"https:\/\/api.w.org\/{rel}","templated":true}]}}