{"id":1298,"date":"2024-04-09T00:00:00","date_gmt":"2024-04-09T07:00:00","guid":{"rendered":"https:\/\/elreporterodelacomunidad.com\/index.php\/2024\/04\/09\/volcamiento-de-camion-de-maquilas-deja-un-muerto-y-varios-lesionados-en-guaymas\/"},"modified":"2024-05-18T22:12:43","modified_gmt":"2024-05-19T05:12:43","slug":"volcamiento-de-camion-de-maquilas-deja-un-muerto-y-varios-lesionados-en-guaymas","status":"publish","type":"post","link":"https:\/\/elreporterodelacomunidad.com\/index.php\/2024\/04\/09\/volcamiento-de-camion-de-maquilas-deja-un-muerto-y-varios-lesionados-en-guaymas\/","title":{"rendered":"Volcamiento de cami\u00f3n de maquilas deja un muerto y varios lesionados en Guaymas"},"content":{"rendered":"<p class=\"MsoNormal\">Una persona muerta y nueve lesionadas fue el saldo que dej\u00f3 un accidente vehicular donde se volc\u00f3 un cami\u00f3n de maquilas en la carretera M\u00e9xico 15, en el tramo Empalme &#8211; Cajeme, durante la ma\u00f1ana de este martes.<\/p>\n<p class=\"MsoNormal\">\n<p class=\"MsoNormal\">Elementos de diferentes corporaciones de rescate atendieron el siniestro, registrado en el kil\u00f3metro 107 de la citada carretera, donde se report\u00f3 el volcamiento de una unidad de transporte de personal de Maquilas Tetakawi, a la altura del entronque a Ortiz.<\/p>\n<p class=\"MsoNormal\">El cami\u00f3n, rotulado como SETES n\u00famero 82, qued\u00f3 volcado sobre un costado tras presentarse el percance que se cobr\u00f3 la vida de una persona y dej\u00f3 heridas a otras nueve, las cuales fueron trasladadas para recibir atenci\u00f3n m\u00e9dica.<\/p>\n<p class=\"MsoNormal\">Para atender la emergencia, al sitio llegaron Bomberos, Cruz Roja, Polic\u00eda Municipal, Guardia Nacional de Carreteras, Agencia Ministerial de Investigaci\u00f3n Criminal (AMIC), Caminos y Puentes Federales (Capufe), as\u00ed como Protecci\u00f3n Civil Municipal de Empalme.<\/p>\n<p class=\"MsoNormal\">Al respecto, la Coordinaci\u00f3n Estatal de Protecci\u00f3n Civil emiti\u00f3 un comunicado para invitar a la poblaci\u00f3n a extremar precauciones y atender las indicaciones de las autoridades presentes en el lugar.<\/p>\n<p class=\"MsoNormal\">Cabe resaltar que en un primer momento se habl\u00f3 de un muerto y hasta 17 heridos, sin embargo, las autoridades que atendieron el siniestro confirmaron solamente nueve heridos trasladados a recibir atenci\u00f3n m\u00e9dica.<\/p>\n<p class=\"MsoNormal\">Otro volcamiento en Hermosillo<\/p>\n<p class=\"MsoNormal\">En hechos separados, en Hermosillo se report\u00f3 un fuerte volcamiento durante la madrugada de este martes, el cual dej\u00f3 un saldo de una persona lesionada, aunque hasta el momento no se ha confirmado no ha sido confirmado por autoridades.<\/p>\n<p class=\"MsoNormal\">Dicho siniestro se present\u00f3 en las calles \u00c1ngel Garc\u00eda Aburto y Guadalupe Victoria, en la colonia Jes\u00fas Garc\u00eda, al filo de la medianoche de este 9 de abril, en el cual particip\u00f3 un veh\u00edculo sed\u00e1n de color azul.<\/p>\n<p class=\"MsoNormal\">Asimismo, se report\u00f3 alrededor de las 9:30 horas un choque por alcance en el que particip\u00f3 un autob\u00fas del transporte p\u00fablico y una camioneta tipo pick up, en el centro de Hermosillo.<\/p>\n<p class=\"MsoNormal\">Este accidente se report\u00f3 sobre el bulevar Luis Encinas Johnson, donde autoridades atendieron el llamado al n\u00famero de emergencias (9-1-1).<\/p>\n<p class=\"MsoNormal\">Elementos de la Polic\u00eda Municipal atendieron el incidente, donde el autob\u00fas fue impactado por alcance por parte del pick up, dejando da\u00f1os materiales en ambas unidades, sin embargo, afortunadamente nadie result\u00f3 herido tras el incidente<\/p>\n","protected":false},"excerpt":{"rendered":"<p>Elementos de diferentes corporaciones de rescate atendieron el siniestro, registrado en el kil\u00f3metro 107 de la citada carretera, donde se report\u00f3 el volcamiento.<\/p>\n","protected":false},"author":1,"featured_media":1299,"comment_status":"open","ping_status":"open","sticky":false,"template":"","format":"standard","meta":{"footnotes":""},"categories":[32],"tags":[],"class_list":["post-1298","post","type-post","status-publish","format-standard","has-post-thumbnail","hentry","category-policiaca"],"_links":{"self":[{"href":"https:\/\/elreporterodelacomunidad.com\/index.php\/wp-json\/wp\/v2\/posts\/1298","targetHints":{"allow":["GET"]}}],"collection":[{"href":"https:\/\/elreporterodelacomunidad.com\/index.php\/wp-json\/wp\/v2\/posts"}],"about":[{"href":"https:\/\/elreporterodelacomunidad.com\/index.php\/wp-json\/wp\/v2\/types\/post"}],"author":[{"embeddable":true,"href":"https:\/\/elreporterodelacomunidad.com\/index.php\/wp-json\/wp\/v2\/users\/1"}],"replies":[{"embeddable":true,"href":"https:\/\/elreporterodelacomunidad.com\/index.php\/wp-json\/wp\/v2\/comments?post=1298"}],"version-history":[{"count":1,"href":"https:\/\/elreporterodelacomunidad.com\/index.php\/wp-json\/wp\/v2\/posts\/1298\/revisions"}],"predecessor-version":[{"id":1300,"href":"https:\/\/elreporterodelacomunidad.com\/index.php\/wp-json\/wp\/v2\/posts\/1298\/revisions\/1300"}],"wp:featuredmedia":[{"embeddable":true,"href":"https:\/\/elreporterodelacomunidad.com\/index.php\/wp-json\/wp\/v2\/media\/1299"}],"wp:attachment":[{"href":"https:\/\/elreporterodelacomunidad.com\/index.php\/wp-json\/wp\/v2\/media?parent=1298"}],"wp:term":[{"taxonomy":"category","embeddable":true,"href":"https:\/\/elreporterodelacomunidad.com\/index.php\/wp-json\/wp\/v2\/categories?post=1298"},{"taxonomy":"post_tag","embeddable":true,"href":"https:\/\/elreporterodelacomunidad.com\/index.php\/wp-json\/wp\/v2\/tags?post=1298"}],"curies":[{"name":"wp","href":"https:\/\/api.w.org\/{rel}","templated":true}]}}