{"id":1230,"date":"2024-04-11T00:00:00","date_gmt":"2024-04-11T07:00:00","guid":{"rendered":"https:\/\/elreporterodelacomunidad.com\/index.php\/2024\/04\/11\/nathan-karim-ahora-es-acusado-de-abandono-de-personas-tras-atropellar-a-una-familia-el-ano-pasado\/"},"modified":"2024-04-11T00:00:00","modified_gmt":"2024-04-11T07:00:00","slug":"nathan-karim-ahora-es-acusado-de-abandono-de-personas-tras-atropellar-a-una-familia-el-ano-pasado","status":"publish","type":"post","link":"https:\/\/elreporterodelacomunidad.com\/index.php\/2024\/04\/11\/nathan-karim-ahora-es-acusado-de-abandono-de-personas-tras-atropellar-a-una-familia-el-ano-pasado\/","title":{"rendered":"Nathan Karim ahora es acusado de abandono de personas tras atropellar a una familia el a\u00f1o pasado"},"content":{"rendered":"<p class=\"MsoNormal\">El joven Nathan Karim, quien atropell\u00f3 a tres miembros de una familia en marzo del a\u00f1o pasado, afrontar\u00e1 tambi\u00e9n el delito de abandono de personas durante su juicio, inform\u00f3 el presidente del Supremo Tribunal de Justicia del Estado, Rafael Acu\u00f1a Griego.<\/p>\n<p class=\"MsoNormal\">\n<p class=\"MsoNormal\">De acuerdo con el funcionario, este delito no cuenta con la misma pena que los otros cargos de los que se le acusa.<\/p>\n<p class=\"MsoNormal\">\u201cS\u00ed existe ah\u00ed otro delito por el cual se est\u00e1 llevando el asunto, que es el delito de abandono de persona, que tiene una pena un poco menor, (pero) est\u00e1n acumulados\u201d, expuso.<\/p>\n<p class=\"MsoNormal\">Tambi\u00e9n hay una acusaci\u00f3n por un delito de lesiones pero se trata de un delito culposo, por lo que, explic\u00f3, la pena es de uno a ocho a\u00f1os de prisi\u00f3n.<\/p>\n<p class=\"MsoNormal\">Originalmente Acu\u00f1a Griego inform\u00f3 que el muchacho se encuentra sujeto a procedimiento por el delito de lesiones graves, en n\u00famero de tres, sin posibilidad de fianza.<\/p>\n","protected":false},"excerpt":{"rendered":"<p>El joven, quien atropell\u00f3 a tres miembros de una familia en marzo del a\u00f1o pasado, afrontar\u00e1 tambi\u00e9n el delito de abandono de personas durante su juicio.<\/p>\n","protected":false},"author":1,"featured_media":1231,"comment_status":"open","ping_status":"open","sticky":false,"template":"","format":"standard","meta":{"footnotes":""},"categories":[32],"tags":[],"class_list":["post-1230","post","type-post","status-publish","format-standard","has-post-thumbnail","hentry","category-policiaca"],"_links":{"self":[{"href":"https:\/\/elreporterodelacomunidad.com\/index.php\/wp-json\/wp\/v2\/posts\/1230","targetHints":{"allow":["GET"]}}],"collection":[{"href":"https:\/\/elreporterodelacomunidad.com\/index.php\/wp-json\/wp\/v2\/posts"}],"about":[{"href":"https:\/\/elreporterodelacomunidad.com\/index.php\/wp-json\/wp\/v2\/types\/post"}],"author":[{"embeddable":true,"href":"https:\/\/elreporterodelacomunidad.com\/index.php\/wp-json\/wp\/v2\/users\/1"}],"replies":[{"embeddable":true,"href":"https:\/\/elreporterodelacomunidad.com\/index.php\/wp-json\/wp\/v2\/comments?post=1230"}],"version-history":[{"count":0,"href":"https:\/\/elreporterodelacomunidad.com\/index.php\/wp-json\/wp\/v2\/posts\/1230\/revisions"}],"wp:featuredmedia":[{"embeddable":true,"href":"https:\/\/elreporterodelacomunidad.com\/index.php\/wp-json\/wp\/v2\/media\/1231"}],"wp:attachment":[{"href":"https:\/\/elreporterodelacomunidad.com\/index.php\/wp-json\/wp\/v2\/media?parent=1230"}],"wp:term":[{"taxonomy":"category","embeddable":true,"href":"https:\/\/elreporterodelacomunidad.com\/index.php\/wp-json\/wp\/v2\/categories?post=1230"},{"taxonomy":"post_tag","embeddable":true,"href":"https:\/\/elreporterodelacomunidad.com\/index.php\/wp-json\/wp\/v2\/tags?post=1230"}],"curies":[{"name":"wp","href":"https:\/\/api.w.org\/{rel}","templated":true}]}}