{"id":1212,"date":"2024-04-11T00:00:00","date_gmt":"2024-04-11T07:00:00","guid":{"rendered":"https:\/\/elreporterodelacomunidad.com\/index.php\/2024\/04\/11\/sonora-se-queda-sin-agua-presa-el-novillo-esta-casi-vacia-con-solo-el-13\/"},"modified":"2024-04-11T00:00:00","modified_gmt":"2024-04-11T07:00:00","slug":"sonora-se-queda-sin-agua-presa-el-novillo-esta-casi-vacia-con-solo-el-13","status":"publish","type":"post","link":"https:\/\/elreporterodelacomunidad.com\/index.php\/2024\/04\/11\/sonora-se-queda-sin-agua-presa-el-novillo-esta-casi-vacia-con-solo-el-13\/","title":{"rendered":"Sonora se queda sin agua: Presa El Novillo est\u00e1 casi vac\u00eda, con solo el 13%"},"content":{"rendered":"<p class=\"MsoNormal\">La presa El Novillo, de la que se surte el 25% del agua potable para Hermosillo, est\u00e1 al 13.5% de su capacidad de almacenaje, mientras que el sistema de presas de Sonora se encuentra al 11.4%.<\/p>\n<p class=\"MsoNormal\">\n<p class=\"MsoNormal\">De 2 mil 833 millones de metros c\u00fabicos de agua que puede almacenar, el embalse al d\u00eda 11 de abril de la Presa Plutarco El\u00edas Calles, conocida como El Novillo, es de 381 millones 696 mil metros c\u00fabicos de recurso h\u00eddrico.<\/p>\n<p class=\"MsoNormal\">El sistema de presas estatal, que tiene capacidad de almacenar 8 mil 630.5 millones de metros c\u00fabicos, solo tiene reservados 981.3 millones de metros c\u00fabico del vital l\u00edquido, al 11 de abril de 2024, de acuerdo a los datos del Organismo de la Cuenca Noroeste, dependiente de la Comisi\u00f3n Nacional del Agua (Conagua).<\/p>\n<p class=\"MsoNormal\">La presa Alvaro Obreg\u00f3n o El Ovi\u00e1chic, la m\u00e1s grande de la cuenca del r\u00edo Yaqui, se encuentra al 13.7% de su capacidad de almacenaje, con 413 millones 158 mil metros c\u00fabicos de embalse.<\/p>\n<p class=\"MsoNormal\">Los datos del Monitor de la Sequ\u00eda de Conagua, indican que el 98.6% de los municipios de la entidad sufren condiciones de sequ\u00eda, en sus diferentes grados. Tanto El Novillo como El Ovi\u00e1chic, se encuentran en una regi\u00f3n que tiene condiciones de sequ\u00eda de extrema a excepcional por m\u00e1s de 6 meses.<\/p>\n<p class=\"MsoNormal\">De los 72 municipios del Estado, s\u00f3lo uno no tiene condiciones de sequ\u00eda (San Luis R\u00edo Colorado), en tanto que 30 localidades est\u00e1n en categor\u00eda de sequ\u00eda extrema; 24 en condiciones de sequ\u00eda excepcional; 12 en sequ\u00eda severa y 5 en sequ\u00eda moderada.<\/p>\n<p class=\"MsoNormal\">Mientras que el 7.8% del territorio sonorense no tiene afectaciones por la sequ\u00eda, el 32.9% sufre de sequ\u00eda extrema; el 25.3%, sequ\u00eda excepcional; el 22.2%, sequ\u00eda severa; el 9.5%, sequ\u00eda moderada y 2.3% se encuentra en condiciones de anormalmente seco.<\/p>\n<p class=\"MsoNormal\">\u00bfQuedan los pozos?<\/p>\n<p class=\"MsoNormal\">Nicol\u00e1s Pineda Pablos, investigador del Colegio de Sonora, especialista en temas de pol\u00edticas p\u00fablicas, indic\u00f3 que el 30% del agua que se suministra a Hermosillo proviene de las presas El Novillo y El Molinito.<\/p>\n<p class=\"MsoNormal\">En 2023 -indic\u00f3- la ciudad consumi\u00f3 126 millones de metros c\u00fabicos y en el 2022 fueron 130 millones de metros c\u00fabicos, de los cuales la presa El Novillo aporta 30 millones de metros c\u00fabicos (25% aproximadamente) mientras El Molinito surte 15 millones de metros c\u00fabicos al a\u00f1o.<\/p>\n<p class=\"MsoNormal\">El restante 70% del agua, alrededor de 80 millones de metros c\u00fabicos al a\u00f1o, que consumen los hermosillenses provienen de los mantos fre\u00e1ticos, o sea del agua subterr\u00e1nea o acu\u00edferos que hay en la Mesa del Seri, La Victoria y esa zona de captaci\u00f3n, coment\u00f3.<\/p>\n<p class=\"MsoNormal\">\u201c\u00bfQu\u00e9 pasa si se agota el agua de El Novillo o de la presa El Molinito? Lo que van a hacer es seguir sobreexplotando el agua subterr\u00e1nea. Igual va a suceder en otras ciudades, que dependen m\u00e1s de esta fuente de agua, que de las presas\u201d, destac\u00f3 el investigador.<\/p>\n<p class=\"MsoNormal\">Al sur de la ciudad le va a hacer falta el agua de El Molinito, pero simplemente van a tener que recurrir a los mantos fre\u00e1ticos, aunque con ello se afecta a estos acu\u00edferos que ya est\u00e1n sobreexplotados, a\u00f1adi\u00f3.<\/p>\n<p class=\"MsoNormal\">\u201cCon el agua subterr\u00e1nea puede salir adelante la ciudad al menos este a\u00f1o, mientras se recargan las presas en julio o agosto\u201d, consider\u00f3.<\/p>\n<p class=\"MsoNormal\">Pineda Pablos reconoci\u00f3 que hay incertidumbre de hasta donde se les puede bajar el nivel a los pozos, o si pueden empezar a dar problemas por la calidad del l\u00edquido, pues entre m\u00e1s profundos, el agua contiene m\u00e1s minerales, m\u00e1s metales pesados, y puede no ser buena. El Sol de Hermosillo.<\/p>\n","protected":false},"excerpt":{"rendered":"<p>Esta presa surte el 25% de agua potable para Hermosillo; sin embargo, ante la falta de lluvia, hoy en d\u00eda se encuentra solo al 13.5% de su capacidad de almacenaje.<\/p>\n","protected":false},"author":1,"featured_media":1213,"comment_status":"open","ping_status":"open","sticky":false,"template":"","format":"standard","meta":{"footnotes":""},"categories":[29],"tags":[],"class_list":["post-1212","post","type-post","status-publish","format-standard","has-post-thumbnail","hentry","category-principalsecundaria"],"_links":{"self":[{"href":"https:\/\/elreporterodelacomunidad.com\/index.php\/wp-json\/wp\/v2\/posts\/1212","targetHints":{"allow":["GET"]}}],"collection":[{"href":"https:\/\/elreporterodelacomunidad.com\/index.php\/wp-json\/wp\/v2\/posts"}],"about":[{"href":"https:\/\/elreporterodelacomunidad.com\/index.php\/wp-json\/wp\/v2\/types\/post"}],"author":[{"embeddable":true,"href":"https:\/\/elreporterodelacomunidad.com\/index.php\/wp-json\/wp\/v2\/users\/1"}],"replies":[{"embeddable":true,"href":"https:\/\/elreporterodelacomunidad.com\/index.php\/wp-json\/wp\/v2\/comments?post=1212"}],"version-history":[{"count":0,"href":"https:\/\/elreporterodelacomunidad.com\/index.php\/wp-json\/wp\/v2\/posts\/1212\/revisions"}],"wp:featuredmedia":[{"embeddable":true,"href":"https:\/\/elreporterodelacomunidad.com\/index.php\/wp-json\/wp\/v2\/media\/1213"}],"wp:attachment":[{"href":"https:\/\/elreporterodelacomunidad.com\/index.php\/wp-json\/wp\/v2\/media?parent=1212"}],"wp:term":[{"taxonomy":"category","embeddable":true,"href":"https:\/\/elreporterodelacomunidad.com\/index.php\/wp-json\/wp\/v2\/categories?post=1212"},{"taxonomy":"post_tag","embeddable":true,"href":"https:\/\/elreporterodelacomunidad.com\/index.php\/wp-json\/wp\/v2\/tags?post=1212"}],"curies":[{"name":"wp","href":"https:\/\/api.w.org\/{rel}","templated":true}]}}