{"id":1196,"date":"2024-04-12T00:00:00","date_gmt":"2024-04-12T07:00:00","guid":{"rendered":"https:\/\/elreporterodelacomunidad.com\/index.php\/2024\/04\/12\/ceci-flores-denuncia-ataques-y-senalamientos-en-sus-redes-sociales\/"},"modified":"2024-04-12T00:00:00","modified_gmt":"2024-04-12T07:00:00","slug":"ceci-flores-denuncia-ataques-y-senalamientos-en-sus-redes-sociales","status":"publish","type":"post","link":"https:\/\/elreporterodelacomunidad.com\/index.php\/2024\/04\/12\/ceci-flores-denuncia-ataques-y-senalamientos-en-sus-redes-sociales\/","title":{"rendered":"Ceci Flores denuncia ataques y se\u00f1alamientos en sus redes sociales"},"content":{"rendered":"<p class=\"MsoNormal\">Ceci Patricia Flores Armenta, l\u00edder del colectivo Madres Buscadoras de Sonora, denunci\u00f3 a trav\u00e9s de su cuenta personal de X, ser v\u00edctima de diversos ataques y persecuci\u00f3n pol\u00edtica, luego de haber asistido a la sede donde se llev\u00f3 a cabo el primer debate de los candidatos a la Presidencia de la Rep\u00fablica, el pasado 07 de abril.<\/p>\n<p class=\"MsoNormal\">\n<p class=\"MsoNormal\">En un video publicado la noche del jueves 11 de abril, la l\u00edder social dijo que, haber reclamado a la candidata de Morena la falta de atenci\u00f3n hacia el tema de los desaparecidos, no s\u00f3lo en Sonora, sino en todo el pa\u00eds, ha provocado una ola de cr\u00edticas y se\u00f1alamientos hacia su persona a trav\u00e9s de sus redes sociales.<\/p>\n<p class=\"MsoNormal\">\u201cHe sido v\u00edctima de ataques desde que me atrev\u00ed a reclamar de frente a la candidata de Morena que no tocaba el tema de los desaparecidos. He recibido cr\u00edticas, he tenido persecuci\u00f3n pol\u00edtica; lamentablemente, cuando lo m\u00edo no es politiquer\u00eda, es necesidad de que la gente me vea, escuche el tema de los desaparecidos y de los hu\u00e9rfanos, un tema tan doloroso que nadie quiere tocar\u201d, expres\u00f3.<\/p>\n<p class=\"MsoNormal\">Flores Armenta detall\u00f3 que la han criticado y perseguido a trav\u00e9s de sus cuentas para difamarla e incluso insultarla, luego de haber estado como invitada el d\u00eda del debate junto a otras madres buscadoras, quienes lamentaron que los candidatos no tocaran el tema de los desaparecidos y hu\u00e9rfanos que ha dejado la violencia en el pa\u00eds.<\/p>\n<p class=\"MsoNormal\">\u201cEstuve ah\u00ed invitada a ese debate y en ning\u00fan momento se toc\u00f3 el tema de los desaparecidos&#8230; Y que las personas de Claudia Sheinbaum me dieron la espalda cuando me tuvieron enfrente. Que cuatro v\u00edctimas estuvimos en ese lugar, no fueron para dignarse a saludarnos, nos dieron la espalda, nos hicieron caras, como si nosotros estorb\u00e1ramos en ese lugar\u201d apunt\u00f3.<\/p>\n<p class=\"MsoNormal\">El tema de los desparecidos es algo que s\u00f3lo las madres entienden, record\u00f3, pero que se necesita de todo el apoyo para poder continuar con la lucha por regresar a sus hijos a casa, sin importar el cansancio y los riesgos que esto conlleve.<\/p>\n<p class=\"MsoNormal\">\u201cY espero que entiendan esta palabra, la necesidad que tenemos de volver a ver a nuestros hijos; p\u00f3nganse un segundo en nuestro lugar, \u00bfqu\u00e9 har\u00edan si tuvieran dos hijos desaparecidos o cinco, como otras compa\u00f1eras? \u00bfNo luchar\u00edan contra todo y contra todos porque alguien voltee a ver su tema y nos ayuden a buscarlos? Lo \u00fanico que queremos es a nuestros hijos de vuelta en casa\u201d, dijo.<\/p>\n<p class=\"MsoNormal\">Por \u00faltimo, apunt\u00f3 que, si en alg\u00fan momento ofendi\u00f3 a alguien, lo \u00fanico que pide es que vean la problem\u00e1tica desde sus zapatos, como una madre que har\u00e1 lo necesario por encontrar a sus hijos desaparecidos, sin importar el tiempo que le lleve.<\/p>\n<p class=\"MsoNormal\">\u201cNo me ataquen, yo no soy la enemiga, todos somos un poco v\u00edctimas\u201d, finaliz\u00f3.<\/p>\n","protected":false},"excerpt":{"rendered":"<p>Asegura que esto ocurre a ra\u00edz de que asisti\u00f3 al primer debate de candidatos a la Presidencia de la Rep\u00fablica.<\/p>\n","protected":false},"author":1,"featured_media":1197,"comment_status":"open","ping_status":"open","sticky":false,"template":"","format":"standard","meta":{"footnotes":""},"categories":[32],"tags":[],"class_list":["post-1196","post","type-post","status-publish","format-standard","has-post-thumbnail","hentry","category-policiaca"],"_links":{"self":[{"href":"https:\/\/elreporterodelacomunidad.com\/index.php\/wp-json\/wp\/v2\/posts\/1196","targetHints":{"allow":["GET"]}}],"collection":[{"href":"https:\/\/elreporterodelacomunidad.com\/index.php\/wp-json\/wp\/v2\/posts"}],"about":[{"href":"https:\/\/elreporterodelacomunidad.com\/index.php\/wp-json\/wp\/v2\/types\/post"}],"author":[{"embeddable":true,"href":"https:\/\/elreporterodelacomunidad.com\/index.php\/wp-json\/wp\/v2\/users\/1"}],"replies":[{"embeddable":true,"href":"https:\/\/elreporterodelacomunidad.com\/index.php\/wp-json\/wp\/v2\/comments?post=1196"}],"version-history":[{"count":0,"href":"https:\/\/elreporterodelacomunidad.com\/index.php\/wp-json\/wp\/v2\/posts\/1196\/revisions"}],"wp:featuredmedia":[{"embeddable":true,"href":"https:\/\/elreporterodelacomunidad.com\/index.php\/wp-json\/wp\/v2\/media\/1197"}],"wp:attachment":[{"href":"https:\/\/elreporterodelacomunidad.com\/index.php\/wp-json\/wp\/v2\/media?parent=1196"}],"wp:term":[{"taxonomy":"category","embeddable":true,"href":"https:\/\/elreporterodelacomunidad.com\/index.php\/wp-json\/wp\/v2\/categories?post=1196"},{"taxonomy":"post_tag","embeddable":true,"href":"https:\/\/elreporterodelacomunidad.com\/index.php\/wp-json\/wp\/v2\/tags?post=1196"}],"curies":[{"name":"wp","href":"https:\/\/api.w.org\/{rel}","templated":true}]}}