{"id":1178,"date":"2024-04-12T00:00:00","date_gmt":"2024-04-12T07:00:00","guid":{"rendered":"https:\/\/elreporterodelacomunidad.com\/index.php\/2024\/04\/12\/localizan-madres-buscadoras-de-sonora-restos-oseos-cerca-de-la-carretera-san-pedro-pesqueira\/"},"modified":"2024-04-12T00:00:00","modified_gmt":"2024-04-12T07:00:00","slug":"localizan-madres-buscadoras-de-sonora-restos-oseos-cerca-de-la-carretera-san-pedro-pesqueira","status":"publish","type":"post","link":"https:\/\/elreporterodelacomunidad.com\/index.php\/2024\/04\/12\/localizan-madres-buscadoras-de-sonora-restos-oseos-cerca-de-la-carretera-san-pedro-pesqueira\/","title":{"rendered":"Localizan Madres Buscadoras de Sonora restos \u00f3seos cerca de la carretera San Pedro-Pesqueira"},"content":{"rendered":"<p class=\"MsoNormal\">Madres Buscadoras de Sonora localiz\u00f3 restos \u00f3seos humanos en el poblado de San Miguel de Horcasitas, del municipio de Pesqueira.<\/p>\n<p class=\"MsoNormal\">\n<p class=\"MsoNormal\">El colectivo inform\u00f3 que la jornada fue&nbsp; alrededor de las 9:00 horas de este viernes con resultados positivos, cuyos restos tienen aspecto de tener mucho tiempo a la intemperie.<\/p>\n<p class=\"MsoNormal\">Por su parte, la Fiscal\u00eda General de Justicia del Estado de Sonora (FGJES) confirm\u00f3 que el hallazgo fue en un terreno despoblado a la altura del kil\u00f3metro 17+500 de la carretera San Pedro-Pesqueira, a 500 metros de la carretera.<\/p>\n<p class=\"MsoNormal\">En el reporte comunicaron que las integrantes avisaron que los cuerpos fueron encontrados bajo un \u00e1rbol por personas que estaban entre el monte buscando le\u00f1a.<\/p>\n<p class=\"MsoNormal\">Los peritos que acompa\u00f1aban a las Madres Buscadoras detallaron que encontraron tres piezas de una pelvis, radio y una mand\u00edbula inferior que estaban en la superficie.<\/p>\n<p class=\"MsoNormal\">Los restos se apreciaron porosos y de color blanco por estar expuestos a la intemperie por bastante tiempo.<\/p>\n<p class=\"MsoNormal\">Los restos fueron llevados al Laboratorio de Inteligencia Cient\u00edfica Forense (CIF) para su identificaci\u00f3n por medio de an\u00e1lisis de ADN.<\/p>\n","protected":false},"excerpt":{"rendered":"<p>El colectivo inform\u00f3 que la jornada fue&nbsp;&nbsp;alrededor de las 9:00 horas de este viernes con resultados positivos, cuyos restos tienen aspecto de tener mucho tiempo a la intemperie.<\/p>\n","protected":false},"author":1,"featured_media":1179,"comment_status":"open","ping_status":"open","sticky":false,"template":"","format":"standard","meta":{"footnotes":""},"categories":[29],"tags":[],"class_list":["post-1178","post","type-post","status-publish","format-standard","has-post-thumbnail","hentry","category-principalsecundaria"],"_links":{"self":[{"href":"https:\/\/elreporterodelacomunidad.com\/index.php\/wp-json\/wp\/v2\/posts\/1178","targetHints":{"allow":["GET"]}}],"collection":[{"href":"https:\/\/elreporterodelacomunidad.com\/index.php\/wp-json\/wp\/v2\/posts"}],"about":[{"href":"https:\/\/elreporterodelacomunidad.com\/index.php\/wp-json\/wp\/v2\/types\/post"}],"author":[{"embeddable":true,"href":"https:\/\/elreporterodelacomunidad.com\/index.php\/wp-json\/wp\/v2\/users\/1"}],"replies":[{"embeddable":true,"href":"https:\/\/elreporterodelacomunidad.com\/index.php\/wp-json\/wp\/v2\/comments?post=1178"}],"version-history":[{"count":0,"href":"https:\/\/elreporterodelacomunidad.com\/index.php\/wp-json\/wp\/v2\/posts\/1178\/revisions"}],"wp:featuredmedia":[{"embeddable":true,"href":"https:\/\/elreporterodelacomunidad.com\/index.php\/wp-json\/wp\/v2\/media\/1179"}],"wp:attachment":[{"href":"https:\/\/elreporterodelacomunidad.com\/index.php\/wp-json\/wp\/v2\/media?parent=1178"}],"wp:term":[{"taxonomy":"category","embeddable":true,"href":"https:\/\/elreporterodelacomunidad.com\/index.php\/wp-json\/wp\/v2\/categories?post=1178"},{"taxonomy":"post_tag","embeddable":true,"href":"https:\/\/elreporterodelacomunidad.com\/index.php\/wp-json\/wp\/v2\/tags?post=1178"}],"curies":[{"name":"wp","href":"https:\/\/api.w.org\/{rel}","templated":true}]}}