{"id":1164,"date":"2024-04-14T00:00:00","date_gmt":"2024-04-14T07:00:00","guid":{"rendered":"https:\/\/elreporterodelacomunidad.com\/index.php\/2024\/04\/14\/norma-pina-lanza-una-guerra-judicial-contra-amlo-e-investigara-a-todos-los-jueces-que-fallaron-a-favor-de-la-4t\/"},"modified":"2024-04-14T00:00:00","modified_gmt":"2024-04-14T07:00:00","slug":"norma-pina-lanza-una-guerra-judicial-contra-amlo-e-investigara-a-todos-los-jueces-que-fallaron-a-favor-de-la-4t","status":"publish","type":"post","link":"https:\/\/elreporterodelacomunidad.com\/index.php\/2024\/04\/14\/norma-pina-lanza-una-guerra-judicial-contra-amlo-e-investigara-a-todos-los-jueces-que-fallaron-a-favor-de-la-4t\/","title":{"rendered":"Norma Pi\u00f1a lanza una guerra judicial contra AMLO e investigar\u00e1 a todos los jueces que fallaron a favor de la 4T"},"content":{"rendered":"<p class=\"MsoNormal\">La presidente de la Suprema Corte Norma Luc\u00eda Pi\u00f1a, orden\u00f3 una investigaci\u00f3n contra 61 funcionarios y exfuncionarios del Poder Judicial Federal, incluidos varios jueces, magistrados y un ministro en retiro de la Suprema Corte de Justicia de la Naci\u00f3n: Arturo Zald\u00edvar, hoy asesor jur\u00eddico de la campa\u00f1a presidencial de Claudia Sheinbaum.<\/p>\n<p class=\"MsoNormal\">\n<p class=\"MsoNormal\">Seg\u00fan pudo conocer LPO, a partir del acuerdo del Consejo de la Judicatura Federal J\/108\/2024, fechado el pasado 9 de abril, la titular de la Corte ordena las pesquisas contra sus colegas.&nbsp;&nbsp; <\/p>\n<p class=\"MsoNormal\">La orden de investigaci\u00f3n contra decenas de funcionarios, de la cual LPO tiene copia, se basa en un &#8220;escrito presentado de manera an\u00f3nima&#8221;. Fuentes del Poder Judicial Federal y acad\u00e9micos consultados dijeron a esta redacci\u00f3n que es la primera vez en la historia de la SCJN, que se abre una investigaci\u00f3n por una denuncia an\u00f3nima, o sea, un documento sin nombre, sin firma y sin evidencias.<\/p>\n<p class=\"MsoNormal\">Pero de manera directa fue Pi\u00f1a quien orden\u00f3 se involucrase la Unidad General de Investigaciones de Responsabilidades Administrativas. Una oficina que depende directamente de ella.<\/p>\n<p class=\"MsoNormal\">Otro tema que llama la atenci\u00f3n es que la denuncia an\u00f3nima, contra los funcionarios, se present\u00f3 apenas un d\u00eda antes, el 8 de abril, as\u00ed la presidenta Pi\u00f1a recibi\u00f3 denuncia, arm\u00f3 el expediente y orden\u00f3 una investigaci\u00f3n en menos de 24 horas y sin evidencia alguna. Algo fuera de toda norma. Tan no se cuenta con evidencia contra los se\u00f1alados que el Acuerdo ordena &#8220;el inicio de una investigaci\u00f3n y se otorga a la Unidad de Investigaciones las m\u00e1s amplias facultades a efecto de que se recaben medios probatorios.&#8221;<\/p>\n<p class=\"MsoNormal\">\u00bfQu\u00e9 se investigar\u00e1?<\/p>\n<p class=\"MsoNormal\">Se investigar\u00e1 principalmente fallos judiciales a favor de la 4T: la cancelaci\u00f3n del aeropuerto de Texcoco, los permisos para el aeropuerto en Santa Lucia-AIFA, las autorizaciones para el Tren Maya y la prisi\u00f3n otorgada a Emilio Lozoya, ex director de Pemex.<\/p>\n<p class=\"MsoNormal\">Aunque tambi\u00e9n hay asuntos de particulares, como fallos en materia de Telecomunicaciones (Am\u00e9rica M\u00f3vil), litigios en los que estuvo involucrado el consorcio de comunicaci\u00f3n, El Heraldo Media Group y hasta lo acontecido con el equipo de futbol capitalino Cruz Azul.<\/p>\n<p class=\"MsoNormal\">\u00bfContra quienes va la Presidenta de la SCJN?<\/p>\n<p class=\"MsoNormal\">Principalmente se enfoca contra su antecesor y rival ideol\u00f3gico, Arturo Zald\u00edvar, pero tambi\u00e9n se\u00f1ala a Carlos A. Alpizar, hoy Subsecretario de la Secretar\u00eda de Gobernaci\u00f3n; Netza\u00ed Sandoval, ex titular de la defensor\u00eda publica y hermano de la ex secretaria de la Funci\u00f3n P\u00fablica, Irma E. Sandoval y decenas de jueces y magistrados que habr\u00edan fallado a favor de la 4T,&nbsp; como lo son Felipe Delgadillo, Ivan Zefer\u00edn Hern\u00e1ndez, Juez Jos\u00e9 Zu\u00f1iga, Juez Adrian Novelo y los magistrados Fernando C\u00f3rdova, Elba S\u00e1nchez Pozos y Juan Pablo G\u00f3mez Fierro.<\/p>\n<p class=\"MsoNormal\">\u00bfQu\u00e9 hay detr\u00e1s de la &#8220;cacer\u00eda de brujas&#8221;?<\/p>\n<p class=\"MsoNormal\">Lanzar una investigaci\u00f3n, contra tantas personas, a ra\u00edz de una denuncia an\u00f3nima es sin\u00f3nimo de una &#8220;cacer\u00eda de brujas&#8221;, explic\u00f3 a esta redacci\u00f3n Manuel Barqu\u00edn, ex Consejero de la Judicatura Federal.<\/p>\n<p class=\"MsoNormal\">Fuentes consultadas nos se\u00f1alan que hay gran molest\u00eda en la SCJN por las disminuciones presupuestales que les han hecho las bancadas de Morena en el Congreso, incluso perdiendo la prerrogativa postal y telegrifica y sus pensiones, todo ello valuado en 20 mil millones de pesos. <\/p>\n<p class=\"MsoNormal\">La iniciativa que present\u00f3 la semana pasada el senador Ricardo Monreal, y que se aprob\u00f3 ayer en Comisiones del Senado, para restringir las suspensiones en materia de amparo &#8211; algo que le quita poder a Jueces y Ministros- fue la gota que derram\u00f3 el vaso, con lo que desde la SCJN le han declarado la guerra a todas las obras insignias de la 4T y a todos los funcionarios que fallaron a favor de ellas. Esto es algo nunca antes visto en M\u00e9xico, se\u00f1al\u00f3 el exconsejero Barqu\u00edn, &#8220;es el inicio de una guerra frontal entre Poderes de la Uni\u00f3n&#8221;.<\/p>\n<p class=\"MsoNormal\">Fuentes consultadas por LPO apuntan que detr\u00e1s de esta operaci\u00f3n, estar\u00edan involucrados Juan Pardinas, jefe de la campa\u00f1a de X\u00f3chitl G\u00e1lvez y el ex presidente del INE, Lorenzo C\u00f3rdova. Ambos muy cercanos a la presidenta Pi\u00f1a.<\/p>\n","protected":false},"excerpt":{"rendered":"<p>Impulsa una investigaci\u00f3n desde la Judicatura que se inici\u00f3 con una denuncia an\u00f3nima. Fuerte malestar en la Corte. Los nexos con el Frente.<\/p>\n","protected":false},"author":1,"featured_media":1165,"comment_status":"open","ping_status":"open","sticky":false,"template":"","format":"standard","meta":{"footnotes":""},"categories":[29],"tags":[],"class_list":["post-1164","post","type-post","status-publish","format-standard","has-post-thumbnail","hentry","category-principalsecundaria"],"_links":{"self":[{"href":"https:\/\/elreporterodelacomunidad.com\/index.php\/wp-json\/wp\/v2\/posts\/1164","targetHints":{"allow":["GET"]}}],"collection":[{"href":"https:\/\/elreporterodelacomunidad.com\/index.php\/wp-json\/wp\/v2\/posts"}],"about":[{"href":"https:\/\/elreporterodelacomunidad.com\/index.php\/wp-json\/wp\/v2\/types\/post"}],"author":[{"embeddable":true,"href":"https:\/\/elreporterodelacomunidad.com\/index.php\/wp-json\/wp\/v2\/users\/1"}],"replies":[{"embeddable":true,"href":"https:\/\/elreporterodelacomunidad.com\/index.php\/wp-json\/wp\/v2\/comments?post=1164"}],"version-history":[{"count":0,"href":"https:\/\/elreporterodelacomunidad.com\/index.php\/wp-json\/wp\/v2\/posts\/1164\/revisions"}],"wp:featuredmedia":[{"embeddable":true,"href":"https:\/\/elreporterodelacomunidad.com\/index.php\/wp-json\/wp\/v2\/media\/1165"}],"wp:attachment":[{"href":"https:\/\/elreporterodelacomunidad.com\/index.php\/wp-json\/wp\/v2\/media?parent=1164"}],"wp:term":[{"taxonomy":"category","embeddable":true,"href":"https:\/\/elreporterodelacomunidad.com\/index.php\/wp-json\/wp\/v2\/categories?post=1164"},{"taxonomy":"post_tag","embeddable":true,"href":"https:\/\/elreporterodelacomunidad.com\/index.php\/wp-json\/wp\/v2\/tags?post=1164"}],"curies":[{"name":"wp","href":"https:\/\/api.w.org\/{rel}","templated":true}]}}