{"id":1156,"date":"2024-04-14T00:00:00","date_gmt":"2024-04-14T07:00:00","guid":{"rendered":"https:\/\/elreporterodelacomunidad.com\/index.php\/2024\/04\/14\/camion-sufre-accidente-que-queda-suspendido-en-puente-de-luis-encinas\/"},"modified":"2024-04-14T00:00:00","modified_gmt":"2024-04-14T07:00:00","slug":"camion-sufre-accidente-que-queda-suspendido-en-puente-de-luis-encinas","status":"publish","type":"post","link":"https:\/\/elreporterodelacomunidad.com\/index.php\/2024\/04\/14\/camion-sufre-accidente-que-queda-suspendido-en-puente-de-luis-encinas\/","title":{"rendered":"Cami\u00f3n sufre accidente que queda suspendido en puente de Luis Encinas"},"content":{"rendered":"<p class=\"MsoNormal\">\n<p class=\"MsoNormal\">Al menos cinco personas resultaron afectadas cuando un autob\u00fas de transporte p\u00fablico de impacto contra la barda del puente de la calle Pino Su\u00e1rez que se integra al bulevar Luis Encinas, en el centro de Hermosillo.<\/p>\n<p class=\"MsoNormal\">\n<p class=\"MsoNormal\">Alrededor de las 17:30 de este domingo, se present\u00f3 un accidente vial protagonizado por una unidad de la ruta 4 del sistema de transporte urbano de Hermosillo, el cual estuvo cerca de caer del puente, aunque el barandal evit\u00f3 que se precipitara.<\/p>\n<p class=\"MsoNormal\">Al sitio llegaron unidades de emergencia y elementos de la Polic\u00eda de Tr\u00e1nsito para desviar el tr\u00e1fico y permitir que el cuerpo de Bomberos de Hermosillo se encargara de poner la unidad de nuevo en el carril de circulaci\u00f3n, pues la llanta frontal derecha del cami\u00f3n qued\u00f3 suspendida en el aire.<\/p>\n<p class=\"MsoNormal\">Por tal motivo, el cuerpo de rescatista se aboc\u00f3 a retirar los restos del barandal que quedaron incrustados debajo de la unidad tras el impacto del cami\u00f3n urbano, mismo en el que se encontraban pasajeros a bordo al momento del siniestro.<\/p>\n<p class=\"MsoNormal\">Durante varios minutos los rescatistas cortaron los metales para permitir sacar el cami\u00f3n, mientras que al sitio tambi\u00e9n llegaron al menos tres unidades de la Cruz Roja.<\/p>\n<p class=\"MsoNormal\">Aunque se desconoce el n\u00famero de tripulantes que iban en el cami\u00f3n al momento del impacto, de manera preliminar trascendi\u00f3 que al menos cinco manifestaron sentir dolor por golpes tras e accidente, sin embargo, no requirieron traslado a un centro de atenci\u00f3n m\u00e9dica.<\/p>\n<p class=\"MsoNormal\">Por otro lado, extraoficialmente, se report\u00f3 que el incidente se present\u00f3 cuando el conductor de la unidad se distrajo por un segundo cuando un abordante le solicit\u00f3 cambio para pagar su pasaje, lo que al final cost\u00f3 un accidente vial.<\/p>\n<p class=\"MsoNormal\">Y es que de no ser por el barandal, la unidad se hubiera precipitado sobre un lote de veh\u00edculos, lo cual habr\u00eda causado m\u00e1s da\u00f1os materiales, adem\u00e1s de las lesiones en los pasajeros dela ruta 4.<\/p>\n<p><\/p>\n","protected":false},"excerpt":{"rendered":"<p>Al menos cinco personas resultaron afectadas cuando un autob\u00fas de transporte p\u00fablico de impacto contra la barda del puente de la calle Pino Su\u00e1rez que se integra al bulevar Luis Encinas, en el centro de Hermosillo. Alrededor de las 17:30 de este domingo, se present\u00f3 un accidente vial protagonizado por una unidad de la ruta [&hellip;]<\/p>\n","protected":false},"author":1,"featured_media":1157,"comment_status":"open","ping_status":"open","sticky":false,"template":"","format":"standard","meta":{"footnotes":""},"categories":[32],"tags":[],"class_list":["post-1156","post","type-post","status-publish","format-standard","has-post-thumbnail","hentry","category-policiaca"],"_links":{"self":[{"href":"https:\/\/elreporterodelacomunidad.com\/index.php\/wp-json\/wp\/v2\/posts\/1156","targetHints":{"allow":["GET"]}}],"collection":[{"href":"https:\/\/elreporterodelacomunidad.com\/index.php\/wp-json\/wp\/v2\/posts"}],"about":[{"href":"https:\/\/elreporterodelacomunidad.com\/index.php\/wp-json\/wp\/v2\/types\/post"}],"author":[{"embeddable":true,"href":"https:\/\/elreporterodelacomunidad.com\/index.php\/wp-json\/wp\/v2\/users\/1"}],"replies":[{"embeddable":true,"href":"https:\/\/elreporterodelacomunidad.com\/index.php\/wp-json\/wp\/v2\/comments?post=1156"}],"version-history":[{"count":0,"href":"https:\/\/elreporterodelacomunidad.com\/index.php\/wp-json\/wp\/v2\/posts\/1156\/revisions"}],"wp:featuredmedia":[{"embeddable":true,"href":"https:\/\/elreporterodelacomunidad.com\/index.php\/wp-json\/wp\/v2\/media\/1157"}],"wp:attachment":[{"href":"https:\/\/elreporterodelacomunidad.com\/index.php\/wp-json\/wp\/v2\/media?parent=1156"}],"wp:term":[{"taxonomy":"category","embeddable":true,"href":"https:\/\/elreporterodelacomunidad.com\/index.php\/wp-json\/wp\/v2\/categories?post=1156"},{"taxonomy":"post_tag","embeddable":true,"href":"https:\/\/elreporterodelacomunidad.com\/index.php\/wp-json\/wp\/v2\/tags?post=1156"}],"curies":[{"name":"wp","href":"https:\/\/api.w.org\/{rel}","templated":true}]}}