{"id":1126,"date":"2024-04-15T00:00:00","date_gmt":"2024-04-15T07:00:00","guid":{"rendered":"https:\/\/elreporterodelacomunidad.com\/index.php\/2024\/04\/15\/arrestan-a-dos-menores-tras-robo-a-mano-armada-al-sur-de-hermosillo\/"},"modified":"2024-05-18T22:08:06","modified_gmt":"2024-05-19T05:08:06","slug":"arrestan-a-dos-menores-tras-robo-a-mano-armada-al-sur-de-hermosillo","status":"publish","type":"post","link":"https:\/\/elreporterodelacomunidad.com\/index.php\/2024\/04\/15\/arrestan-a-dos-menores-tras-robo-a-mano-armada-al-sur-de-hermosillo\/","title":{"rendered":"Arrestan a dos menores tras robo a mano armada al sur de Hermosillo"},"content":{"rendered":"<p class=\"MsoNormal\">Dos menores de edad fueron detenidos por elementos de la Polic\u00eda Preventiva de Hermosillo tras cometer un robo a mano armada en calles de la colonia Los Olivos, al sur de Hermosillo.<\/p>\n<p class=\"MsoNormal\">\n<p class=\"MsoNormal\">Fue alrededor de las 16:49 horas del pasado domingo, en las calles Magnolias y Pitahaya Madura de la citada colonia cuando se report\u00f3 el crimen, en el que presuntamente participaron dos menores de edad.<\/p>\n<p class=\"MsoNormal\">Los adolescentes, de 16 a\u00f1os de edad, robaron una tienda de abarrotes, utilizando un machete y un cuchillo, con los cuales despojaron a la cajera de dinero en efectivo, producto de la venta del d\u00eda, para luego darse a la fuga corriendo tan r\u00e1pido como pudieron.<\/p>\n<p class=\"MsoNormal\">Sin embargo, los agentes de la Polic\u00eda Municipal lograron interceptar a la pareja de delincuentes juveniles en la calle Hortensia, donde recuperaron el dinero sustra\u00eddo en el robo, as\u00ed como las dos armas blancas que utilizaron para perpetrar el crimen.<\/p>\n<p class=\"MsoNormal\">De acuerdo con informaci\u00f3n de la Polic\u00eda Preventiva, durante el semana pasada, en patrullajes por diversos puntos de la ciudad, se arrestaron a 95 presuntos delincuentes, mientras que se incautaron 41 armas prohibidas y 24 dosis de droga.<\/p>\n<p class=\"MsoNormal\">Entre el 8 y el 14 de abril, se turnaron al Ministerio P\u00fablico del Fuero Com\u00fan a 67 personas, 23 al de la Federaci\u00f3n y cinco al Instituto de Tratamiento y Aplicaci\u00f3n de Medidas para Adolescentes (Itama).<\/p>\n<p class=\"MsoNormal\">En este periodo se decomisaron 40 armas blancas, una pistola y se recuperaron cuatro veh\u00edculos con reporte de robo, mientras que por el delito de violencia familiar se arrest\u00f3 a 15 personas, mientras que 379 fueron presentadas ante el Juzgado C\u00edvico.<\/p>\n<p class=\"MsoNormal\">Por otro lado, se atendieron a 497 reportes de m\u00fasica a alto volumen o fiestas fuera de control, derivando en la elaboraci\u00f3n de por lo menos 15 Informes Policiales Homologados.<\/p>\n<p class=\"MsoNormal\">Mientras tanto, la Polic\u00eda Preventiva asegur\u00f3 que continuar\u00e1 realizando recorridos en zonas escolares, plazas p\u00fablicas, m instituciones bancarias y \u00e1reas comerciales, para la tranquilidad de la ciudadan\u00eda.<\/p>\n","protected":false},"excerpt":{"rendered":"<p>Dos menores de edad fueron detenidos tras cometer un robo a mano armada en calles de la colonia Los Olivos.<\/p>\n","protected":false},"author":1,"featured_media":1129,"comment_status":"open","ping_status":"open","sticky":false,"template":"","format":"standard","meta":{"footnotes":""},"categories":[32],"tags":[],"class_list":["post-1126","post","type-post","status-publish","format-standard","has-post-thumbnail","hentry","category-policiaca"],"_links":{"self":[{"href":"https:\/\/elreporterodelacomunidad.com\/index.php\/wp-json\/wp\/v2\/posts\/1126","targetHints":{"allow":["GET"]}}],"collection":[{"href":"https:\/\/elreporterodelacomunidad.com\/index.php\/wp-json\/wp\/v2\/posts"}],"about":[{"href":"https:\/\/elreporterodelacomunidad.com\/index.php\/wp-json\/wp\/v2\/types\/post"}],"author":[{"embeddable":true,"href":"https:\/\/elreporterodelacomunidad.com\/index.php\/wp-json\/wp\/v2\/users\/1"}],"replies":[{"embeddable":true,"href":"https:\/\/elreporterodelacomunidad.com\/index.php\/wp-json\/wp\/v2\/comments?post=1126"}],"version-history":[{"count":1,"href":"https:\/\/elreporterodelacomunidad.com\/index.php\/wp-json\/wp\/v2\/posts\/1126\/revisions"}],"predecessor-version":[{"id":1128,"href":"https:\/\/elreporterodelacomunidad.com\/index.php\/wp-json\/wp\/v2\/posts\/1126\/revisions\/1128"}],"wp:featuredmedia":[{"embeddable":true,"href":"https:\/\/elreporterodelacomunidad.com\/index.php\/wp-json\/wp\/v2\/media\/1129"}],"wp:attachment":[{"href":"https:\/\/elreporterodelacomunidad.com\/index.php\/wp-json\/wp\/v2\/media?parent=1126"}],"wp:term":[{"taxonomy":"category","embeddable":true,"href":"https:\/\/elreporterodelacomunidad.com\/index.php\/wp-json\/wp\/v2\/categories?post=1126"},{"taxonomy":"post_tag","embeddable":true,"href":"https:\/\/elreporterodelacomunidad.com\/index.php\/wp-json\/wp\/v2\/tags?post=1126"}],"curies":[{"name":"wp","href":"https:\/\/api.w.org\/{rel}","templated":true}]}}