{"id":1115,"date":"2024-04-16T00:00:00","date_gmt":"2024-04-16T07:00:00","guid":{"rendered":"https:\/\/elreporterodelacomunidad.com\/index.php\/2024\/04\/16\/capturado-presunto-violador-de-una-menor-en-hermosillo\/"},"modified":"2024-04-16T00:00:00","modified_gmt":"2024-04-16T07:00:00","slug":"capturado-presunto-violador-de-una-menor-en-hermosillo","status":"publish","type":"post","link":"https:\/\/elreporterodelacomunidad.com\/index.php\/2024\/04\/16\/capturado-presunto-violador-de-una-menor-en-hermosillo\/","title":{"rendered":"Capturado presunto violador de una menor en Hermosillo"},"content":{"rendered":"<p class=\"MsoNormal\">Debido a su probable responsabilidad por el delito de violaci\u00f3n equiparada agravada en perjuicio de una menor de edad, elementos de la Agencia Ministerial de Investigaci\u00f3n Criminal (AMIC) capturaron a Jos\u00e9 Antonio \u201cN\u201d, contra quien esta representaci\u00f3n social formul\u00f3 imputaci\u00f3n y qued\u00f3 en prisi\u00f3n preventiva justificada por determinaci\u00f3n del Juez de Control.<\/p>\n<p class=\"MsoNormal\">De acuerdo a las investigaciones iniciadas, se determin\u00f3 que el sujeto, aprovech\u00e1ndose de la confianza que le ten\u00eda la familia de la v\u00edctima, ingres\u00f3 a una vivienda de la colonia San Luis, donde se encontraba y la tom\u00f3 a la fuerza, ante lo cual, la v\u00edctima grit\u00f3 pidiendo ayuda y el agresor la solt\u00f3.<\/p>\n<p class=\"MsoNormal\">Tras la denuncia correspondiente se iniciaron las acciones por parte de la Agencia del Ministerio P\u00fablico especializada, logrando recabar medios de prueba suficientes para solicitar al Juez de Control una orden de aprehensi\u00f3n en contra de Jos\u00e9 Antonio \u201cN\u201d, misma que concedi\u00f3 y fue ejecutada por elementos de la Agencia Ministerial de Investigaci\u00f3n Criminal (AMIC).<\/p>\n<p class=\"MsoNormal\">Una vez asegurado, fue puesto a disposici\u00f3n de la autoridad correspondiente para las audiencias de exige la ley, se formul\u00f3 imputaci\u00f3n y se solicit\u00f3 la vinculaci\u00f3n a proceso, no obstante, esta ser\u00e1 determinada por el Juez el pr\u00f3ximo 19 de abril, mientras tanto se mantendr\u00e1 al presunto responsable en prisi\u00f3n preventiva justificada como medida cautelar.<\/p>\n","protected":false},"excerpt":{"rendered":"<p>Debido a su probable responsabilidad por el delito de violaci\u00f3n equiparada agravada en perjuicio de una menor de edad, elementos de la Agencia Ministerial de Investigaci\u00f3n Criminal (AMIC) capturaron a Jos\u00e9 Antonio \u201cN\u201d, contra quien esta representaci\u00f3n social formul\u00f3 imputaci\u00f3n y qued\u00f3 en prisi\u00f3n preventiva justificada por determinaci\u00f3n del Juez de Control. De acuerdo a [&hellip;]<\/p>\n","protected":false},"author":1,"featured_media":1116,"comment_status":"open","ping_status":"open","sticky":false,"template":"","format":"standard","meta":{"footnotes":""},"categories":[32],"tags":[],"class_list":["post-1115","post","type-post","status-publish","format-standard","has-post-thumbnail","hentry","category-policiaca"],"_links":{"self":[{"href":"https:\/\/elreporterodelacomunidad.com\/index.php\/wp-json\/wp\/v2\/posts\/1115","targetHints":{"allow":["GET"]}}],"collection":[{"href":"https:\/\/elreporterodelacomunidad.com\/index.php\/wp-json\/wp\/v2\/posts"}],"about":[{"href":"https:\/\/elreporterodelacomunidad.com\/index.php\/wp-json\/wp\/v2\/types\/post"}],"author":[{"embeddable":true,"href":"https:\/\/elreporterodelacomunidad.com\/index.php\/wp-json\/wp\/v2\/users\/1"}],"replies":[{"embeddable":true,"href":"https:\/\/elreporterodelacomunidad.com\/index.php\/wp-json\/wp\/v2\/comments?post=1115"}],"version-history":[{"count":0,"href":"https:\/\/elreporterodelacomunidad.com\/index.php\/wp-json\/wp\/v2\/posts\/1115\/revisions"}],"wp:featuredmedia":[{"embeddable":true,"href":"https:\/\/elreporterodelacomunidad.com\/index.php\/wp-json\/wp\/v2\/media\/1116"}],"wp:attachment":[{"href":"https:\/\/elreporterodelacomunidad.com\/index.php\/wp-json\/wp\/v2\/media?parent=1115"}],"wp:term":[{"taxonomy":"category","embeddable":true,"href":"https:\/\/elreporterodelacomunidad.com\/index.php\/wp-json\/wp\/v2\/categories?post=1115"},{"taxonomy":"post_tag","embeddable":true,"href":"https:\/\/elreporterodelacomunidad.com\/index.php\/wp-json\/wp\/v2\/tags?post=1115"}],"curies":[{"name":"wp","href":"https:\/\/api.w.org\/{rel}","templated":true}]}}