{"id":1093,"date":"2024-04-16T00:00:00","date_gmt":"2024-04-16T07:00:00","guid":{"rendered":"https:\/\/elreporterodelacomunidad.com\/index.php\/2024\/04\/16\/carteles-mexicanos-con-mas-dinero-que-algunos-estados-nacion-asegura-fiscal-general-de-eu\/"},"modified":"2024-04-16T00:00:00","modified_gmt":"2024-04-16T07:00:00","slug":"carteles-mexicanos-con-mas-dinero-que-algunos-estados-nacion-asegura-fiscal-general-de-eu","status":"publish","type":"post","link":"https:\/\/elreporterodelacomunidad.com\/index.php\/2024\/04\/16\/carteles-mexicanos-con-mas-dinero-que-algunos-estados-nacion-asegura-fiscal-general-de-eu\/","title":{"rendered":"C\u00e1rteles mexicanos, con m\u00e1s dinero que algunos Estados Naci\u00f3n, asegura fiscal general de EU"},"content":{"rendered":"<p class=\"MsoNormal\">C\u00e1rteles mexicanos, con m\u00e1s dinero que algunos Estados Naci\u00f3n, asegura fiscal general de EU<\/p>\n","protected":false},"excerpt":{"rendered":"<p>C\u00e1rteles mexicanos, con m\u00e1s dinero que algunos Estados Naci\u00f3n, asegura fiscal general de EU<\/p>\n","protected":false},"author":1,"featured_media":0,"comment_status":"open","ping_status":"open","sticky":false,"template":"","format":"standard","meta":{"footnotes":""},"categories":[44],"tags":[],"class_list":["post-1093","post","type-post","status-publish","format-standard","hentry","category-tv"],"_links":{"self":[{"href":"https:\/\/elreporterodelacomunidad.com\/index.php\/wp-json\/wp\/v2\/posts\/1093","targetHints":{"allow":["GET"]}}],"collection":[{"href":"https:\/\/elreporterodelacomunidad.com\/index.php\/wp-json\/wp\/v2\/posts"}],"about":[{"href":"https:\/\/elreporterodelacomunidad.com\/index.php\/wp-json\/wp\/v2\/types\/post"}],"author":[{"embeddable":true,"href":"https:\/\/elreporterodelacomunidad.com\/index.php\/wp-json\/wp\/v2\/users\/1"}],"replies":[{"embeddable":true,"href":"https:\/\/elreporterodelacomunidad.com\/index.php\/wp-json\/wp\/v2\/comments?post=1093"}],"version-history":[{"count":0,"href":"https:\/\/elreporterodelacomunidad.com\/index.php\/wp-json\/wp\/v2\/posts\/1093\/revisions"}],"wp:attachment":[{"href":"https:\/\/elreporterodelacomunidad.com\/index.php\/wp-json\/wp\/v2\/media?parent=1093"}],"wp:term":[{"taxonomy":"category","embeddable":true,"href":"https:\/\/elreporterodelacomunidad.com\/index.php\/wp-json\/wp\/v2\/categories?post=1093"},{"taxonomy":"post_tag","embeddable":true,"href":"https:\/\/elreporterodelacomunidad.com\/index.php\/wp-json\/wp\/v2\/tags?post=1093"}],"curies":[{"name":"wp","href":"https:\/\/api.w.org\/{rel}","templated":true}]}}