{"id":10237,"date":"2024-10-10T15:02:47","date_gmt":"2024-10-10T22:02:47","guid":{"rendered":"https:\/\/elreporterodelacomunidad.com\/?p=10237"},"modified":"2024-10-10T15:02:49","modified_gmt":"2024-10-10T22:02:49","slug":"homenaje-postumo-al-agente-jesus-edgardo-valenzuela-soqui","status":"publish","type":"post","link":"https:\/\/elreporterodelacomunidad.com\/index.php\/2024\/10\/10\/homenaje-postumo-al-agente-jesus-edgardo-valenzuela-soqui\/","title":{"rendered":"Homenaje p\u00f3stumo al agente Jes\u00fas Edgardo Valenzuela Soqui"},"content":{"rendered":"\n<p>La corporaci\u00f3n policiaca municipal honr\u00f3 su memoria.<\/p>\n\n\n\n<p>Hermosillo, Sonora a 10 de octubre de 2024.- El presidente municipal Antonio Astiazar\u00e1n Guti\u00e9rrez y su esposa Patricia Ruibal Zaragoza acompa\u00f1aron a familiares e integrantes de la Polic\u00eda Preventiva y Tr\u00e1nsito Municipal al \u00faltimo pase de lista del polic\u00eda Jes\u00fas Edgardo Valenzuela Soqui.<\/p>\n\n\n\n<p>En un homenaje luctuoso realizado en las instalaciones de la Comandancia zona Norte, compa\u00f1eras y compa\u00f1eros corearon al un\u00edsono su nombre e hicieron sonar por varios minutos las sirenas.<\/p>\n\n\n\n<p>Expresiones de respeto y calidez humana matizaron la \u00faltima visita de Jes\u00fas Edgardo a la Comandancia Norte donde el presidente municipal Antonio Astiazar\u00e1n se integr\u00f3 a la primera guardia de honor, de las muchas que en esta ocasi\u00f3n se conformaron para enaltecer el recuerdo del elemento ca\u00eddo.<\/p>\n\n\n\n<p>El polic\u00eda segundo Omar Solano Encinas, ley\u00f3 una breve semblanza de quien hoy es recordado por su dedicaci\u00f3n, compromiso y sacrificio por el bien de la ciudadan\u00eda.<\/p>\n\n\n\n<p>Asistieron mandos medios y superiores de la corporaci\u00f3n encabezados por el comisario general Manuel Emilio Hoyos y el comisario jefe Alonso Dur\u00f3n Monta\u00f1o.<\/p>\n","protected":false},"excerpt":{"rendered":"<p>La corporaci\u00f3n policiaca municipal honr\u00f3 su memoria. Hermosillo, Sonora a 10 de octubre de 2024.- El presidente municipal Antonio Astiazar\u00e1n Guti\u00e9rrez y su esposa Patricia Ruibal Zaragoza acompa\u00f1aron a familiares e integrantes de la Polic\u00eda Preventiva y Tr\u00e1nsito Municipal al \u00faltimo pase de lista del polic\u00eda Jes\u00fas Edgardo Valenzuela Soqui. En un homenaje luctuoso realizado [&hellip;]<\/p>\n","protected":false},"author":1,"featured_media":10238,"comment_status":"open","ping_status":"open","sticky":false,"template":"","format":"standard","meta":{"footnotes":""},"categories":[32],"tags":[],"class_list":["post-10237","post","type-post","status-publish","format-standard","has-post-thumbnail","hentry","category-policiaca"],"_links":{"self":[{"href":"https:\/\/elreporterodelacomunidad.com\/index.php\/wp-json\/wp\/v2\/posts\/10237","targetHints":{"allow":["GET"]}}],"collection":[{"href":"https:\/\/elreporterodelacomunidad.com\/index.php\/wp-json\/wp\/v2\/posts"}],"about":[{"href":"https:\/\/elreporterodelacomunidad.com\/index.php\/wp-json\/wp\/v2\/types\/post"}],"author":[{"embeddable":true,"href":"https:\/\/elreporterodelacomunidad.com\/index.php\/wp-json\/wp\/v2\/users\/1"}],"replies":[{"embeddable":true,"href":"https:\/\/elreporterodelacomunidad.com\/index.php\/wp-json\/wp\/v2\/comments?post=10237"}],"version-history":[{"count":1,"href":"https:\/\/elreporterodelacomunidad.com\/index.php\/wp-json\/wp\/v2\/posts\/10237\/revisions"}],"predecessor-version":[{"id":10239,"href":"https:\/\/elreporterodelacomunidad.com\/index.php\/wp-json\/wp\/v2\/posts\/10237\/revisions\/10239"}],"wp:featuredmedia":[{"embeddable":true,"href":"https:\/\/elreporterodelacomunidad.com\/index.php\/wp-json\/wp\/v2\/media\/10238"}],"wp:attachment":[{"href":"https:\/\/elreporterodelacomunidad.com\/index.php\/wp-json\/wp\/v2\/media?parent=10237"}],"wp:term":[{"taxonomy":"category","embeddable":true,"href":"https:\/\/elreporterodelacomunidad.com\/index.php\/wp-json\/wp\/v2\/categories?post=10237"},{"taxonomy":"post_tag","embeddable":true,"href":"https:\/\/elreporterodelacomunidad.com\/index.php\/wp-json\/wp\/v2\/tags?post=10237"}],"curies":[{"name":"wp","href":"https:\/\/api.w.org\/{rel}","templated":true}]}}